{"id":17952,"date":"2022-02-24T14:00:11","date_gmt":"2022-02-24T17:00:11","guid":{"rendered":"https:\/\/www.bibliotecadeseguranca.com.br\/fr\/?p=17952"},"modified":"2022-02-24T11:42:13","modified_gmt":"2022-02-24T14:42:13","slug":"los-estudios-militares-y-de-seguridad-en-los-albores-del-siglo-xxi","status":"publish","type":"post","link":"https:\/\/www.bibliotecadeseguranca.com.br\/fr\/livros\/los-estudios-militares-y-de-seguridad-en-los-albores-del-siglo-xxi\/","title":{"rendered":"Los Estudios Militares y de Seguridad en los Albores del Siglo XXI"},"content":{"rendered":"<p><span style=\"color: #003366;\"><strong><img loading=\"lazy\" decoding=\"async\" class=\"alignleft size-full wp-image-17953\" src=\"https:\/\/www.bibliotecadeseguranca.com.br\/fr\/wp-content\/uploads\/2022\/02\/Los-Estudios-Militares-y-de-Seguridad-en-los-Albores-del-Siglo-XXI.jpg\" alt=\"Los Estudios Militares y de Seguridad en los Albores del Siglo XXI\" width=\"145\" height=\"221\" srcset=\"https:\/\/www.bibliotecadeseguranca.com.br\/fr\/wp-content\/uploads\/2022\/02\/Los-Estudios-Militares-y-de-Seguridad-en-los-Albores-del-Siglo-XXI.jpg 145w, https:\/\/www.bibliotecadeseguranca.com.br\/fr\/wp-content\/uploads\/2022\/02\/Los-Estudios-Militares-y-de-Seguridad-en-los-Albores-del-Siglo-XXI-98x150.jpg 98w\" sizes=\"auto, (max-width: 145px) 100vw, 145px\" \/>Mari\u00e9n Dur\u00e1n Cenit, Rafael Gonz\u00e1lez Abell\u00e1n<\/strong><\/span><\/p>\n<p><span style=\"color: #003366;\"><strong>Maison d&#8217;\u00e9dition Editorial Universidad de Granada<\/strong><\/span><\/p>\n<p><span style=\"color: #003366;\"><strong>R\u00e9sum\u00e9:<\/strong><\/span> La colecci\u00f3n Conde de Tendilla de la Editorial de la Universidad de Granada, acoge los vol\u00famenes que llevan por t\u00edtulo \u201cLos estudios militares y de seguridad en los albores del siglo XXI\u201d. La obra re\u00fane las aportaciones de numerosos expertos y grupos de investigaci\u00f3n de diferentes universidades, centros de investigaci\u00f3n espa\u00f1oles y extranjeros. Recoge el esfuerzo de investigadores civiles y militares, reunidos en torno a las mismas preocupaciones. Constituye un material relevante, de gran valor intelectual, de plena actualidad, minucioso, anal\u00edtico y con aportaciones muy novedosas a los campos de la seguridad y de la defensa, desde diferentes disciplinas como la Econom\u00eda,la Ciencia Pol\u00edtica la Historia, la Ingenier\u00eda y la Sociolog\u00eda. Los dos vol\u00famenes que componen la publicaci\u00f3n,conforman una obra de gran calidad por la recopilaci\u00f3n de los m\u00faltiples aspectos que conlleva la seguridad y la defensa, as\u00ed como por su decidido car\u00e1cter cient\u00edfico que aborda temas organizados en diez bloques tem\u00e1ticos: amenazas y riesgos para la seguridad a nivel general; terrorismo internacional; ciberseguridad y ciberdefensa; cultura de defensa; econom\u00eda e industria de defensa; ense\u00f1anza, formaci\u00f3n y conocimiento en las Fuerzas Armadas; Estrategia Regional Europea; estrategias y problemas nacionales y regionales de seguridad; liderazgo, valores y procesos; e instrumentos, t\u00e9cnicas y modelos para la acci\u00f3n militar.<\/p>\n","protected":false},"excerpt":{"rendered":"<p>Mari\u00e9n Dur\u00e1n Cenit, Rafael Gonz\u00e1lez Abell\u00e1n Maison d&#8217;\u00e9dition Editorial Universidad de Granada R\u00e9sum\u00e9: La colecci\u00f3n Conde de Tendilla de la Editorial de la Universidad de Granada, acoge los vol\u00famenes que llevan por t\u00edtulo \u201cLos estudios militares y de seguridad en los albores del siglo XXI\u201d. La obra re\u00fane las aportaciones de numerosos expertos y grupos de investigaci\u00f3n de diferentes universidades, centros de investigaci\u00f3n espa\u00f1oles y extranjeros. Recoge el esfuerzo de&hellip; <\/p>\n","protected":false},"author":3,"featured_media":17953,"comment_status":"open","ping_status":"closed","sticky":false,"template":"","format":"standard","meta":{"footnotes":""},"categories":[81,6,25],"tags":[],"class_list":["post-17952","post","type-post","status-publish","format-standard","has-post-thumbnail","hentry","category-espanol","category-livros","category-seguranca-publica-e-defesa"],"views":453,"_links":{"self":[{"href":"https:\/\/www.bibliotecadeseguranca.com.br\/fr\/wp-json\/wp\/v2\/posts\/17952","targetHints":{"allow":["GET"]}}],"collection":[{"href":"https:\/\/www.bibliotecadeseguranca.com.br\/fr\/wp-json\/wp\/v2\/posts"}],"about":[{"href":"https:\/\/www.bibliotecadeseguranca.com.br\/fr\/wp-json\/wp\/v2\/types\/post"}],"author":[{"embeddable":true,"href":"https:\/\/www.bibliotecadeseguranca.com.br\/fr\/wp-json\/wp\/v2\/users\/3"}],"replies":[{"embeddable":true,"href":"https:\/\/www.bibliotecadeseguranca.com.br\/fr\/wp-json\/wp\/v2\/comments?post=17952"}],"version-history":[{"count":1,"href":"https:\/\/www.bibliotecadeseguranca.com.br\/fr\/wp-json\/wp\/v2\/posts\/17952\/revisions"}],"predecessor-version":[{"id":17954,"href":"https:\/\/www.bibliotecadeseguranca.com.br\/fr\/wp-json\/wp\/v2\/posts\/17952\/revisions\/17954"}],"wp:featuredmedia":[{"embeddable":true,"href":"https:\/\/www.bibliotecadeseguranca.com.br\/fr\/wp-json\/wp\/v2\/media\/17953"}],"wp:attachment":[{"href":"https:\/\/www.bibliotecadeseguranca.com.br\/fr\/wp-json\/wp\/v2\/media?parent=17952"}],"wp:term":[{"taxonomy":"category","embeddable":true,"href":"https:\/\/www.bibliotecadeseguranca.com.br\/fr\/wp-json\/wp\/v2\/categories?post=17952"},{"taxonomy":"post_tag","embeddable":true,"href":"https:\/\/www.bibliotecadeseguranca.com.br\/fr\/wp-json\/wp\/v2\/tags?post=17952"}],"curies":[{"name":"wp","href":"https:\/\/api.w.org\/{rel}","templated":true}]}}