{"id":17945,"date":"2022-02-21T14:00:51","date_gmt":"2022-02-21T17:00:51","guid":{"rendered":"https:\/\/www.bibliotecadeseguranca.com.br\/fr\/?p=17945"},"modified":"2022-02-21T13:36:02","modified_gmt":"2022-02-21T16:36:02","slug":"estudos-em-seguranca-publica","status":"publish","type":"post","link":"https:\/\/www.bibliotecadeseguranca.com.br\/fr\/livros\/estudos-em-seguranca-publica\/","title":{"rendered":"Estudos em Seguran\u00e7a P\u00fablica"},"content":{"rendered":"<p><span style=\"color: #003366;\"><strong><img loading=\"lazy\" decoding=\"async\" class=\"alignleft size-full wp-image-17946\" src=\"https:\/\/www.bibliotecadeseguranca.com.br\/fr\/wp-content\/uploads\/2022\/02\/estudos-em-seguranca-publica.jpg\" alt=\"Estudos em Seguran\u00e7a P\u00fablica\" width=\"145\" height=\"205\" srcset=\"https:\/\/www.bibliotecadeseguranca.com.br\/fr\/wp-content\/uploads\/2022\/02\/estudos-em-seguranca-publica.jpg 145w, https:\/\/www.bibliotecadeseguranca.com.br\/fr\/wp-content\/uploads\/2022\/02\/estudos-em-seguranca-publica-106x150.jpg 106w\" sizes=\"auto, (max-width: 145px) 100vw, 145px\" \/>Humberto Ribeiro J\u00fanior, Marco Aur\u00e9lio Borges Costa<\/strong><\/span><\/p>\n<p><span style=\"color: #003366;\"><strong>Maison d&#8217;\u00e9dition CRV<\/strong><\/span><\/p>\n<p><span style=\"color: #003366;\"><strong>R\u00e9sum\u00e9:<\/strong><\/span> Pensar a \u00e1rea da Seguran\u00e7a P\u00fablica a partir de uma \u00fanica disciplina \u00e9 perder de vista a amplitude do fen\u00f4meno, sua complexidade, e reduzir as possibilidades de compreens\u00e3o \u00e0 limites muito discretos. A partir dessa percep\u00e7\u00e3o, o Programa de P\u00f3s-Gradua\u00e7\u00e3o em Seguran\u00e7a P\u00fablica da Universidade Vila Velha vem estimulando um olhar multidisciplinar sobre o tema, na expectativa de avan\u00e7ar em dire\u00e7\u00e3o a uma compreens\u00e3o interdisciplinar e transdisciplinar de fen\u00f4menos como viol\u00eancia urbana, criminalidade, dentre outros. Esse volume re\u00fane trabalhos que partem do entendimento que a Seguran\u00e7a P\u00fablica n\u00e3o se limita \u00e0 pol\u00edcias, f\u00f3runs e pris\u00f5es, mas, que, por outro lado, perpassa todos os segmentos da vida social moderna, desde a vida infantil \u00e0s macroestruturas econ\u00f4micas. A expectativa \u00e9 que a leitura contribua para uma vis\u00e3o ampliada dos fen\u00f4menos objeto das an\u00e1lises, para al\u00e9m de determinismos ou de relativismos, buscando sempre a compreens\u00e3o do sofrimento de pessoas reais na busca de sustenta pol\u00edticas p\u00fablicas que reduzam essas dores.<\/p>\n","protected":false},"excerpt":{"rendered":"<p>Humberto Ribeiro J\u00fanior, Marco Aur\u00e9lio Borges Costa Maison d&#8217;\u00e9dition CRV R\u00e9sum\u00e9: Pensar a \u00e1rea da Seguran\u00e7a P\u00fablica a partir de uma \u00fanica disciplina \u00e9 perder de vista a amplitude do fen\u00f4meno, sua complexidade, e reduzir as possibilidades de compreens\u00e3o \u00e0 limites muito discretos. A partir dessa percep\u00e7\u00e3o, o Programa de P\u00f3s-Gradua\u00e7\u00e3o em Seguran\u00e7a P\u00fablica da Universidade Vila Velha vem estimulando um olhar multidisciplinar sobre o tema, na expectativa de avan\u00e7ar&hellip; <\/p>\n","protected":false},"author":3,"featured_media":17946,"comment_status":"open","ping_status":"closed","sticky":false,"template":"","format":"standard","meta":{"footnotes":""},"categories":[6,25],"tags":[],"class_list":["post-17945","post","type-post","status-publish","format-standard","has-post-thumbnail","hentry","category-livros","category-seguranca-publica-e-defesa"],"views":227,"_links":{"self":[{"href":"https:\/\/www.bibliotecadeseguranca.com.br\/fr\/wp-json\/wp\/v2\/posts\/17945","targetHints":{"allow":["GET"]}}],"collection":[{"href":"https:\/\/www.bibliotecadeseguranca.com.br\/fr\/wp-json\/wp\/v2\/posts"}],"about":[{"href":"https:\/\/www.bibliotecadeseguranca.com.br\/fr\/wp-json\/wp\/v2\/types\/post"}],"author":[{"embeddable":true,"href":"https:\/\/www.bibliotecadeseguranca.com.br\/fr\/wp-json\/wp\/v2\/users\/3"}],"replies":[{"embeddable":true,"href":"https:\/\/www.bibliotecadeseguranca.com.br\/fr\/wp-json\/wp\/v2\/comments?post=17945"}],"version-history":[{"count":1,"href":"https:\/\/www.bibliotecadeseguranca.com.br\/fr\/wp-json\/wp\/v2\/posts\/17945\/revisions"}],"predecessor-version":[{"id":17947,"href":"https:\/\/www.bibliotecadeseguranca.com.br\/fr\/wp-json\/wp\/v2\/posts\/17945\/revisions\/17947"}],"wp:featuredmedia":[{"embeddable":true,"href":"https:\/\/www.bibliotecadeseguranca.com.br\/fr\/wp-json\/wp\/v2\/media\/17946"}],"wp:attachment":[{"href":"https:\/\/www.bibliotecadeseguranca.com.br\/fr\/wp-json\/wp\/v2\/media?parent=17945"}],"wp:term":[{"taxonomy":"category","embeddable":true,"href":"https:\/\/www.bibliotecadeseguranca.com.br\/fr\/wp-json\/wp\/v2\/categories?post=17945"},{"taxonomy":"post_tag","embeddable":true,"href":"https:\/\/www.bibliotecadeseguranca.com.br\/fr\/wp-json\/wp\/v2\/tags?post=17945"}],"curies":[{"name":"wp","href":"https:\/\/api.w.org\/{rel}","templated":true}]}}