{"id":17895,"date":"2022-01-31T14:00:33","date_gmt":"2022-01-31T17:00:33","guid":{"rendered":"https:\/\/www.bibliotecadeseguranca.com.br\/fr\/?p=17895"},"modified":"2022-04-05T11:27:23","modified_gmt":"2022-04-05T14:27:23","slug":"modelo-das-tres-linhas-integrado-a-iso-3100","status":"publish","type":"post","link":"https:\/\/www.bibliotecadeseguranca.com.br\/fr\/livros\/modelo-das-tres-linhas-integrado-a-iso-3100\/","title":{"rendered":"Modelo das Tr\u00eas Linhas Integrado \u00e0 ISO 31000"},"content":{"rendered":"<p><span style=\"color: #003366;\"><strong><img loading=\"lazy\" decoding=\"async\" class=\"alignleft size-full wp-image-17896\" src=\"https:\/\/www.bibliotecadeseguranca.com.br\/fr\/wp-content\/uploads\/2022\/01\/modelo-das-tres-linhas-integrado-a-iso-3100.jpg\" alt=\"Modelo das Tr\u00eas Linhas Integrado \u00e0 ISO 3100\" width=\"145\" height=\"205\" srcset=\"https:\/\/www.bibliotecadeseguranca.com.br\/fr\/wp-content\/uploads\/2022\/01\/modelo-das-tres-linhas-integrado-a-iso-3100.jpg 145w, https:\/\/www.bibliotecadeseguranca.com.br\/fr\/wp-content\/uploads\/2022\/01\/modelo-das-tres-linhas-integrado-a-iso-3100-106x150.jpg 106w\" sizes=\"auto, (max-width: 145px) 100vw, 145px\" \/>t-Risk<\/strong><\/span><\/p>\n<p><span style=\"color: #003366;\"><strong>R\u00e9sum\u00e9:<\/strong><\/span> N\u00e3o \u00e9 m\u00e1gica, nem moda. Trata-se apenas de fazer bem-feito. Empresas de qualquer porte precisam de uma gest\u00e3o dos riscos corporativos (GRC) adequada \u00e0s suas caracter\u00edsticas. Uma estrutura de GRC plenamente entrosada com a governan\u00e7a corporativa d\u00e1 \u00e0 empresa uma prote\u00e7\u00e3o org\u00e2nica que perpassa todos os n\u00edveis da atividade, de maneira robusta, flex\u00edvel e eficiente. Dois guias para levar e manter a organiza\u00e7\u00e3o em n\u00edvel \u00f3timo de gest\u00e3o de riscos s\u00e3o a norma da ABNT ISO 31000 e o modelo das tr\u00eas linhas. Cada um desses guias se encaixa nas lacunas do outro como pe\u00e7as de Lego. Enquanto a ISO 31000 detalha o processo de gerenciamento de riscos, o modelo das tr\u00eas linhas se det\u00e9m na estrutura, esmiu\u00e7ando como as pessoas devem se organizar e interagir para que a GRC flua com mais efici\u00eancia.<\/p>\n<p><a href=\"https:\/\/www.bibliotecadeseguranca.com.br\/wp-content\/uploads\/2022\/01\/modelo-das-tres-linhas-integrado-a-iso-3100.pdf\" target=\"_blank\" rel=\"noopener\"><img loading=\"lazy\" decoding=\"async\" class=\"alignleft wp-image-12143 size-full\" src=\"https:\/\/www.bibliotecadeseguranca.com.br\/fr\/wp-content\/uploads\/2015\/03\/download_fr.gif\" alt=\"T\u00e9l\u00e9charger\" width=\"107\" height=\"25\" \/><\/a><\/p>\n","protected":false},"excerpt":{"rendered":"<p>t-Risk R\u00e9sum\u00e9: N\u00e3o \u00e9 m\u00e1gica, nem moda. Trata-se apenas de fazer bem-feito. Empresas de qualquer porte precisam de uma gest\u00e3o dos riscos corporativos (GRC) adequada \u00e0s suas caracter\u00edsticas. Uma estrutura de GRC plenamente entrosada com a governan\u00e7a corporativa d\u00e1 \u00e0 empresa uma prote\u00e7\u00e3o org\u00e2nica que perpassa todos os n\u00edveis da atividade, de maneira robusta, flex\u00edvel e eficiente. Dois guias para levar e manter a organiza\u00e7\u00e3o em n\u00edvel \u00f3timo de gest\u00e3o&hellip; <\/p>\n","protected":false},"author":3,"featured_media":17896,"comment_status":"open","ping_status":"closed","sticky":false,"template":"","format":"standard","meta":{"footnotes":""},"categories":[6,19,112],"tags":[],"class_list":["post-17895","post","type-post","status-publish","format-standard","has-post-thumbnail","hentry","category-livros","category-risco-e-perdas","category-download"],"views":133,"_links":{"self":[{"href":"https:\/\/www.bibliotecadeseguranca.com.br\/fr\/wp-json\/wp\/v2\/posts\/17895","targetHints":{"allow":["GET"]}}],"collection":[{"href":"https:\/\/www.bibliotecadeseguranca.com.br\/fr\/wp-json\/wp\/v2\/posts"}],"about":[{"href":"https:\/\/www.bibliotecadeseguranca.com.br\/fr\/wp-json\/wp\/v2\/types\/post"}],"author":[{"embeddable":true,"href":"https:\/\/www.bibliotecadeseguranca.com.br\/fr\/wp-json\/wp\/v2\/users\/3"}],"replies":[{"embeddable":true,"href":"https:\/\/www.bibliotecadeseguranca.com.br\/fr\/wp-json\/wp\/v2\/comments?post=17895"}],"version-history":[{"count":2,"href":"https:\/\/www.bibliotecadeseguranca.com.br\/fr\/wp-json\/wp\/v2\/posts\/17895\/revisions"}],"predecessor-version":[{"id":18048,"href":"https:\/\/www.bibliotecadeseguranca.com.br\/fr\/wp-json\/wp\/v2\/posts\/17895\/revisions\/18048"}],"wp:featuredmedia":[{"embeddable":true,"href":"https:\/\/www.bibliotecadeseguranca.com.br\/fr\/wp-json\/wp\/v2\/media\/17896"}],"wp:attachment":[{"href":"https:\/\/www.bibliotecadeseguranca.com.br\/fr\/wp-json\/wp\/v2\/media?parent=17895"}],"wp:term":[{"taxonomy":"category","embeddable":true,"href":"https:\/\/www.bibliotecadeseguranca.com.br\/fr\/wp-json\/wp\/v2\/categories?post=17895"},{"taxonomy":"post_tag","embeddable":true,"href":"https:\/\/www.bibliotecadeseguranca.com.br\/fr\/wp-json\/wp\/v2\/tags?post=17895"}],"curies":[{"name":"wp","href":"https:\/\/api.w.org\/{rel}","templated":true}]}}