{"id":17877,"date":"2022-01-24T14:00:48","date_gmt":"2022-01-24T17:00:48","guid":{"rendered":"https:\/\/www.bibliotecadeseguranca.com.br\/fr\/?p=17877"},"modified":"2022-01-24T13:35:35","modified_gmt":"2022-01-24T16:35:35","slug":"profissao-vigilante","status":"publish","type":"post","link":"https:\/\/www.bibliotecadeseguranca.com.br\/fr\/livros\/profissao-vigilante\/","title":{"rendered":"Profiss\u00e3o: Vigilante"},"content":{"rendered":"<p><span style=\"color: #003366;\"><strong><img loading=\"lazy\" decoding=\"async\" class=\"alignleft size-full wp-image-17878\" src=\"https:\/\/www.bibliotecadeseguranca.com.br\/fr\/wp-content\/uploads\/2022\/01\/profissao-vigilante.jpg\" alt=\"Profiss\u00e3o: Vigilante\" width=\"145\" height=\"205\" srcset=\"https:\/\/www.bibliotecadeseguranca.com.br\/fr\/wp-content\/uploads\/2022\/01\/profissao-vigilante.jpg 145w, https:\/\/www.bibliotecadeseguranca.com.br\/fr\/wp-content\/uploads\/2022\/01\/profissao-vigilante-106x150.jpg 106w\" sizes=\"auto, (max-width: 145px) 100vw, 145px\" \/>Sergio Marques<\/strong><\/span><\/p>\n<p><span style=\"color: #003366;\"><strong>R\u00e9sum\u00e9:<\/strong><\/span> O objetivo dos textos descritos \u00e9 parte da reflex\u00e3o do autor, o que almeja transmitir as pessoas que fazem parte integrante do efetivo dos servi\u00e7os de seguran\u00e7a privada, est\u00e3o cursando ou pretendem exercer essa profiss\u00e3o mostrando um pouco de seu conhecimento adquirido com 26 anos na pratica de seguran\u00e7a em multinacional.<\/p>\n","protected":false},"excerpt":{"rendered":"<p>Sergio Marques R\u00e9sum\u00e9: O objetivo dos textos descritos \u00e9 parte da reflex\u00e3o do autor, o que almeja transmitir as pessoas que fazem parte integrante do efetivo dos servi\u00e7os de seguran\u00e7a privada, est\u00e3o cursando ou pretendem exercer essa profiss\u00e3o mostrando um pouco de seu conhecimento adquirido com 26 anos na pratica de seguran\u00e7a em multinacional.<\/p>\n","protected":false},"author":3,"featured_media":17878,"comment_status":"open","ping_status":"closed","sticky":false,"template":"","format":"standard","meta":{"footnotes":""},"categories":[23,6],"tags":[],"class_list":["post-17877","post","type-post","status-publish","format-standard","has-post-thumbnail","hentry","category-gestao-da-seguranca-empresarial","category-livros"],"views":298,"_links":{"self":[{"href":"https:\/\/www.bibliotecadeseguranca.com.br\/fr\/wp-json\/wp\/v2\/posts\/17877","targetHints":{"allow":["GET"]}}],"collection":[{"href":"https:\/\/www.bibliotecadeseguranca.com.br\/fr\/wp-json\/wp\/v2\/posts"}],"about":[{"href":"https:\/\/www.bibliotecadeseguranca.com.br\/fr\/wp-json\/wp\/v2\/types\/post"}],"author":[{"embeddable":true,"href":"https:\/\/www.bibliotecadeseguranca.com.br\/fr\/wp-json\/wp\/v2\/users\/3"}],"replies":[{"embeddable":true,"href":"https:\/\/www.bibliotecadeseguranca.com.br\/fr\/wp-json\/wp\/v2\/comments?post=17877"}],"version-history":[{"count":1,"href":"https:\/\/www.bibliotecadeseguranca.com.br\/fr\/wp-json\/wp\/v2\/posts\/17877\/revisions"}],"predecessor-version":[{"id":17879,"href":"https:\/\/www.bibliotecadeseguranca.com.br\/fr\/wp-json\/wp\/v2\/posts\/17877\/revisions\/17879"}],"wp:featuredmedia":[{"embeddable":true,"href":"https:\/\/www.bibliotecadeseguranca.com.br\/fr\/wp-json\/wp\/v2\/media\/17878"}],"wp:attachment":[{"href":"https:\/\/www.bibliotecadeseguranca.com.br\/fr\/wp-json\/wp\/v2\/media?parent=17877"}],"wp:term":[{"taxonomy":"category","embeddable":true,"href":"https:\/\/www.bibliotecadeseguranca.com.br\/fr\/wp-json\/wp\/v2\/categories?post=17877"},{"taxonomy":"post_tag","embeddable":true,"href":"https:\/\/www.bibliotecadeseguranca.com.br\/fr\/wp-json\/wp\/v2\/tags?post=17877"}],"curies":[{"name":"wp","href":"https:\/\/api.w.org\/{rel}","templated":true}]}}