{"id":17861,"date":"2022-01-17T14:00:43","date_gmt":"2022-01-17T17:00:43","guid":{"rendered":"https:\/\/www.bibliotecadeseguranca.com.br\/fr\/?p=17861"},"modified":"2022-01-17T13:10:24","modified_gmt":"2022-01-17T16:10:24","slug":"lgpd-lei-geral-de-protecao-de-dados-2","status":"publish","type":"post","link":"https:\/\/www.bibliotecadeseguranca.com.br\/fr\/livros\/lgpd-lei-geral-de-protecao-de-dados-2\/","title":{"rendered":"LGPD &#8211; Lei Geral de Prote\u00e7\u00e3o de Dados"},"content":{"rendered":"<p><span style=\"color: #003366;\"><strong><img loading=\"lazy\" decoding=\"async\" class=\"alignleft size-full wp-image-17862\" src=\"https:\/\/www.bibliotecadeseguranca.com.br\/fr\/wp-content\/uploads\/2022\/01\/lgpd-lei-geral-de-protecao-de-dados.jpg\" alt=\"LGPD - Lei Geral de Prote\u00e7\u00e3o de Dados\" width=\"145\" height=\"205\" srcset=\"https:\/\/www.bibliotecadeseguranca.com.br\/fr\/wp-content\/uploads\/2022\/01\/lgpd-lei-geral-de-protecao-de-dados.jpg 145w, https:\/\/www.bibliotecadeseguranca.com.br\/fr\/wp-content\/uploads\/2022\/01\/lgpd-lei-geral-de-protecao-de-dados-106x150.jpg 106w\" sizes=\"auto, (max-width: 145px) 100vw, 145px\" \/>GAPRI &#8211; Grupo de Apoio ao Direito Privado<\/strong><\/span><\/p>\n<p><span style=\"color: #003366;\"><strong>R\u00e9sum\u00e9:<\/strong><\/span> A LGPD teve origem no PLC 53\/2018, aprovado por unanimidade e em regime de urg\u00eancia pelo Plen\u00e1rio do Senado em julho de 2018. A Lei n\u00ba 13.709 foi sancionada em 14 de agosto de 2018 e entrou em vigor em setembro de 2020.<br \/>\nA Lei 13.853\/2019 alterou a reda\u00e7\u00e3o de alguns dispositivos da LGPD.<br \/>\nPor for\u00e7a do art. 20 da Lei 14.010\/2020, as san\u00e7\u00f5es administrativas para quem desrespeitar as regras de tratamento de dados pessoais entraram emvigor a partir de 1\u00ba de agosto de 2021.<br \/>\nTodos os dados tratados, tanto no meio f\u00edsico quanto no digital, est\u00e3o sujeitos \u00e0 regula\u00e7\u00e3o.<br \/>\nNo Artigo 1\u00ba, o texto disp\u00f5e sobre o tratamento de dados pessoais, inclusive nos meios digitais, por pessoa natural ou por pessoa jur\u00eddica de direito p\u00fablico ou privado, com o objetivo de proteger os direitos fundamentais de liberdade e de privacidade e o livre desenvolvimento da personalidade da pessoa natural.<br \/>\nAssim \u00e9 que, a lei define o que s\u00e3o dados pessoais e explica que alguns deles est\u00e3o sujeitos a cuidados ainda mais espec\u00edficos, como os dados pessoais sens\u00edveis e dados pessoais sobre crian\u00e7as e adolescentes.<br \/>\nA Lei pro\u00edbe o tratamento dos dados pessoais para a pr\u00e1tica de discrimina\u00e7\u00e3o il\u00edcita ou abusiva. Esse tratamento \u00e9 o cruzamento de informa\u00e7\u00f5es de uma pessoa espec\u00edfica ou de um grupo para subsidiar decis\u00f5es comerciais (perfil de consumo para divulga\u00e7\u00e3o de ofertas de bens ou servi\u00e7os, por exemplo), pol\u00edticas p\u00fablicas ou atua\u00e7\u00e3o de \u00f3rg\u00e3o p\u00fablico (Fonte: Ag\u00eancia Senado).<br \/>\nO texto foi inspirado fortemente em linhas espec\u00edficas da regula\u00e7\u00e3o europeia, o Regulamento Geral de Prote\u00e7\u00e3o de Dados (GDPR, em sua sigla em ingl\u00eas).<br \/>\nRessalte-se que esta Lei \u00e9 aplic\u00e1vel mesmo a empresas com sede no exterior, desde que a opera\u00e7\u00e3o de tratamento de dados seja realizada no territ\u00f3rio nacional. Significa um verdadeiro marco nas rela\u00e7\u00f5es com finalidades econ\u00f4micas, sobretudo no direito do consumidor.<br \/>\nAssim, o Grupo de Apoio ao Direito Privado \u2013 GAPRI reuniu links da internet para acesso ao novo texto legal, artigos doutrin\u00e1rios, not\u00edcias e decis\u00f5es de 1\u00aa e 2\u00aa inst\u00e2ncias, objetivando divulgar a nova norma e facilitar o acesso \u00e0s<br \/>\ninforma\u00e7\u00f5es.<br \/>\n\u00c9 necess\u00e1rio esclarecer que o presente trabalho \u00e9 informativo. N\u00e3o \u00e9 uma interpreta\u00e7\u00e3o da lei.<\/p>\n<p><a href=\"https:\/\/www.bibliotecadeseguranca.com.br\/wp-content\/uploads\/2022\/01\/lgpd-lei-geral-de-protecao-de-dados.pdf\" target=\"_blank\" rel=\"noopener\"><img loading=\"lazy\" decoding=\"async\" class=\"alignleft wp-image-12143 size-full\" src=\"https:\/\/www.bibliotecadeseguranca.com.br\/fr\/wp-content\/uploads\/2015\/03\/download_fr.gif\" alt=\"T\u00e9l\u00e9charger\" width=\"107\" height=\"25\" \/><\/a><\/p>\n","protected":false},"excerpt":{"rendered":"<p>GAPRI &#8211; Grupo de Apoio ao Direito Privado R\u00e9sum\u00e9: A LGPD teve origem no PLC 53\/2018, aprovado por unanimidade e em regime de urg\u00eancia pelo Plen\u00e1rio do Senado em julho de 2018. A Lei n\u00ba 13.709 foi sancionada em 14 de agosto de 2018 e entrou em vigor em setembro de 2020. A Lei 13.853\/2019 alterou a reda\u00e7\u00e3o de alguns dispositivos da LGPD. Por for\u00e7a do art. 20 da Lei&hellip; <\/p>\n","protected":false},"author":3,"featured_media":17862,"comment_status":"open","ping_status":"closed","sticky":false,"template":"","format":"standard","meta":{"footnotes":""},"categories":[6,20,112],"tags":[],"class_list":["post-17861","post","type-post","status-publish","format-standard","has-post-thumbnail","hentry","category-livros","category-seguranca-da-informacao","category-download"],"views":185,"_links":{"self":[{"href":"https:\/\/www.bibliotecadeseguranca.com.br\/fr\/wp-json\/wp\/v2\/posts\/17861","targetHints":{"allow":["GET"]}}],"collection":[{"href":"https:\/\/www.bibliotecadeseguranca.com.br\/fr\/wp-json\/wp\/v2\/posts"}],"about":[{"href":"https:\/\/www.bibliotecadeseguranca.com.br\/fr\/wp-json\/wp\/v2\/types\/post"}],"author":[{"embeddable":true,"href":"https:\/\/www.bibliotecadeseguranca.com.br\/fr\/wp-json\/wp\/v2\/users\/3"}],"replies":[{"embeddable":true,"href":"https:\/\/www.bibliotecadeseguranca.com.br\/fr\/wp-json\/wp\/v2\/comments?post=17861"}],"version-history":[{"count":1,"href":"https:\/\/www.bibliotecadeseguranca.com.br\/fr\/wp-json\/wp\/v2\/posts\/17861\/revisions"}],"predecessor-version":[{"id":17863,"href":"https:\/\/www.bibliotecadeseguranca.com.br\/fr\/wp-json\/wp\/v2\/posts\/17861\/revisions\/17863"}],"wp:featuredmedia":[{"embeddable":true,"href":"https:\/\/www.bibliotecadeseguranca.com.br\/fr\/wp-json\/wp\/v2\/media\/17862"}],"wp:attachment":[{"href":"https:\/\/www.bibliotecadeseguranca.com.br\/fr\/wp-json\/wp\/v2\/media?parent=17861"}],"wp:term":[{"taxonomy":"category","embeddable":true,"href":"https:\/\/www.bibliotecadeseguranca.com.br\/fr\/wp-json\/wp\/v2\/categories?post=17861"},{"taxonomy":"post_tag","embeddable":true,"href":"https:\/\/www.bibliotecadeseguranca.com.br\/fr\/wp-json\/wp\/v2\/tags?post=17861"}],"curies":[{"name":"wp","href":"https:\/\/api.w.org\/{rel}","templated":true}]}}