{"id":17796,"date":"2021-12-13T14:00:55","date_gmt":"2021-12-13T17:00:55","guid":{"rendered":"https:\/\/www.bibliotecadeseguranca.com.br\/fr\/?p=17796"},"modified":"2021-12-13T13:23:47","modified_gmt":"2021-12-13T16:23:47","slug":"gerenciamento-de-riscos-2","status":"publish","type":"post","link":"https:\/\/www.bibliotecadeseguranca.com.br\/fr\/livros\/gerenciamento-de-riscos-2\/","title":{"rendered":"Gerenciamento de Riscos"},"content":{"rendered":"<p><span style=\"color: #003366;\"><strong><img loading=\"lazy\" decoding=\"async\" class=\"alignleft size-full wp-image-17797\" src=\"https:\/\/www.bibliotecadeseguranca.com.br\/fr\/wp-content\/uploads\/2021\/12\/gerenciamento-de-riscos.jpg\" alt=\"Gerenciamento de Riscos\" width=\"145\" height=\"205\" srcset=\"https:\/\/www.bibliotecadeseguranca.com.br\/fr\/wp-content\/uploads\/2021\/12\/gerenciamento-de-riscos.jpg 145w, https:\/\/www.bibliotecadeseguranca.com.br\/fr\/wp-content\/uploads\/2021\/12\/gerenciamento-de-riscos-106x150.jpg 106w\" sizes=\"auto, (max-width: 145px) 100vw, 145px\" \/>Adi Regina Kaercher, Daniel Fonseca da Luz<\/strong><\/span><\/p>\n<p><span style=\"color: #003366;\"><strong>Maison d&#8217;\u00e9dition Interci\u00eancia<\/strong><\/span><\/p>\n<p><span style=\"color: #003366;\"><strong>R\u00e9sum\u00e9:<\/strong><\/span> Esse livro tem como objetivo principal evidenciar a import\u00e2ncia do gerenciamento de riscos atrav\u00e9s de seus fundamentos, assim como a possibilidade de uma complementa\u00e7\u00e3o da forma\u00e7\u00e3o de um profissional habilitado para responder \u00e0s necessidades relativas \u00e0 gest\u00e3o de riscos na \u00e1rea industrial, consciente de suas responsabilidades para com a sociedade, as organiza\u00e7\u00f5es e o meio ambiente no qual est\u00e1 inserido. Diante disso, alavancar aplica\u00e7\u00f5es do conjunto de medidas administrativas, t\u00e9cnicas, legais, educativas e multidisciplinares empregadas na manuten\u00e7\u00e3o e na perpetuidade das empresas. A obra apresenta, no desenvolvimento de seus cap\u00edtulos, conceitos e dimens\u00f5es sobre riscos; gerenciamento de riscos; m\u00e9todos e ferramentas \u2013 WHAT IF e APR; WHAT IF\/CHECKLIST; an\u00e1lise preliminar de riscos (APR); FMEA e HAZOP; procedimentos utilizados; an\u00e1lise de riscos e operabilidade; t\u00e9cnicas de an\u00e1lises de riscos quantitativas; M\u00e9todos e Ferramentas &#8211; An\u00e1lise de \u00c1rvores de Falhas (AAF); ABNT NBR ISO 31000 &#8211; Princ\u00edpios e Diretriz; Estrutura da Gest\u00e3o de Riscos; Seguros Industriais; Gerenciamento de Crises; Recall \u2013 Cases; cadeias globais de suprimento e dificuldades inerentes \u00e0 capacidade de plantas produtivas. Atrav\u00e9s dos estudos, espera-se que o leitor seja capaz de se apropriar dos conceitos de riscos, identificando na realidade local as explica\u00e7\u00f5es de senso comum e os problemas relacionados com o gerenciamento de riscos, a fim de explic\u00e1-los a partir do conhecimento cient\u00edfico; que haja condi\u00e7\u00f5es de compreender sua import\u00e2ncia, seus reflexos nos sistemas empresariais e industriais. Os conte\u00fados deste livro est\u00e3o organizados em cap\u00edtulos e subcap\u00edtulos. \u00c9 importante salientar que a presente obra aborda o b\u00e1sico e o essencial para a sua introdu\u00e7\u00e3o na gest\u00e3o de riscos.<\/p>\n","protected":false},"excerpt":{"rendered":"<p>Adi Regina Kaercher, Daniel Fonseca da Luz Maison d&#8217;\u00e9dition Interci\u00eancia R\u00e9sum\u00e9: Esse livro tem como objetivo principal evidenciar a import\u00e2ncia do gerenciamento de riscos atrav\u00e9s de seus fundamentos, assim como a possibilidade de uma complementa\u00e7\u00e3o da forma\u00e7\u00e3o de um profissional habilitado para responder \u00e0s necessidades relativas \u00e0 gest\u00e3o de riscos na \u00e1rea industrial, consciente de suas responsabilidades para com a sociedade, as organiza\u00e7\u00f5es e o meio ambiente no qual est\u00e1&hellip; <\/p>\n","protected":false},"author":3,"featured_media":17797,"comment_status":"open","ping_status":"closed","sticky":false,"template":"","format":"standard","meta":{"footnotes":""},"categories":[6,19],"tags":[],"class_list":["post-17796","post","type-post","status-publish","format-standard","has-post-thumbnail","hentry","category-livros","category-risco-e-perdas"],"views":270,"_links":{"self":[{"href":"https:\/\/www.bibliotecadeseguranca.com.br\/fr\/wp-json\/wp\/v2\/posts\/17796","targetHints":{"allow":["GET"]}}],"collection":[{"href":"https:\/\/www.bibliotecadeseguranca.com.br\/fr\/wp-json\/wp\/v2\/posts"}],"about":[{"href":"https:\/\/www.bibliotecadeseguranca.com.br\/fr\/wp-json\/wp\/v2\/types\/post"}],"author":[{"embeddable":true,"href":"https:\/\/www.bibliotecadeseguranca.com.br\/fr\/wp-json\/wp\/v2\/users\/3"}],"replies":[{"embeddable":true,"href":"https:\/\/www.bibliotecadeseguranca.com.br\/fr\/wp-json\/wp\/v2\/comments?post=17796"}],"version-history":[{"count":1,"href":"https:\/\/www.bibliotecadeseguranca.com.br\/fr\/wp-json\/wp\/v2\/posts\/17796\/revisions"}],"predecessor-version":[{"id":17798,"href":"https:\/\/www.bibliotecadeseguranca.com.br\/fr\/wp-json\/wp\/v2\/posts\/17796\/revisions\/17798"}],"wp:featuredmedia":[{"embeddable":true,"href":"https:\/\/www.bibliotecadeseguranca.com.br\/fr\/wp-json\/wp\/v2\/media\/17797"}],"wp:attachment":[{"href":"https:\/\/www.bibliotecadeseguranca.com.br\/fr\/wp-json\/wp\/v2\/media?parent=17796"}],"wp:term":[{"taxonomy":"category","embeddable":true,"href":"https:\/\/www.bibliotecadeseguranca.com.br\/fr\/wp-json\/wp\/v2\/categories?post=17796"},{"taxonomy":"post_tag","embeddable":true,"href":"https:\/\/www.bibliotecadeseguranca.com.br\/fr\/wp-json\/wp\/v2\/tags?post=17796"}],"curies":[{"name":"wp","href":"https:\/\/api.w.org\/{rel}","templated":true}]}}