{"id":17765,"date":"2021-11-29T14:00:42","date_gmt":"2021-11-29T17:00:42","guid":{"rendered":"https:\/\/www.bibliotecadeseguranca.com.br\/fr\/?p=17765"},"modified":"2021-11-29T13:13:13","modified_gmt":"2021-11-29T16:13:13","slug":"gestao-de-tecnologia-da-informacao","status":"publish","type":"post","link":"https:\/\/www.bibliotecadeseguranca.com.br\/fr\/livros\/gestao-de-tecnologia-da-informacao\/","title":{"rendered":"Gest\u00e3o de Tecnologia da Informa\u00e7\u00e3o"},"content":{"rendered":"<p><span style=\"color: #003366;\"><strong><img loading=\"lazy\" decoding=\"async\" class=\"alignleft size-full wp-image-17766\" src=\"https:\/\/www.bibliotecadeseguranca.com.br\/fr\/wp-content\/uploads\/2021\/11\/gestao-de-tecnologia-da-informacao.jpg\" alt=\"Gest\u00e3o de Tecnologia da Informa\u00e7\u00e3o\" width=\"145\" height=\"205\" srcset=\"https:\/\/www.bibliotecadeseguranca.com.br\/fr\/wp-content\/uploads\/2021\/11\/gestao-de-tecnologia-da-informacao.jpg 145w, https:\/\/www.bibliotecadeseguranca.com.br\/fr\/wp-content\/uploads\/2021\/11\/gestao-de-tecnologia-da-informacao-106x150.jpg 106w\" sizes=\"auto, (max-width: 145px) 100vw, 145px\" \/>Lu\u00eds Fernando Ramos Molinaro, Karoll Haussler Carneiro Ramos<\/strong><\/span><\/p>\n<p><span style=\"color: #003366;\"><strong>Maison d&#8217;\u00e9dition LTC<\/strong><\/span><\/p>\n<p><span style=\"color: #003366;\"><strong>R\u00e9sum\u00e9:<\/strong><\/span> Gest\u00e3o de Tecnologia da Informa\u00e7\u00e3o | Governan\u00e7a de TI: Arquitetura e Alinhamento entre Sistemas de Informa\u00e7\u00e3o e o Neg\u00f3cio fala de um problema constante da era moderna: muita informa\u00e7\u00e3o gerada e perdida ao longo do caminho, e que por isso deixa de se transformar em conhecimento. \u00c9 um livro elaborado para atender um p\u00fablico com forma\u00e7\u00e3o variada, mas pensando principalmente nos analistas de neg\u00f3cios, cuja import\u00e2ncia nas organiza\u00e7\u00f5es tem crescido exponencialmente. Ao abordar assuntos como a compreens\u00e3o sist\u00eamica das organiza\u00e7\u00f5es, as melhores pr\u00e1ticas utilizadas para a governan\u00e7a de TI e as pr\u00e1ticas de arquitetura corporativa, Gest\u00e3o de Tecnologia da Informa\u00e7\u00e3o re\u00fane todo o conhecimento necess\u00e1rio para ajudar profissionais e empresas a encurtarem o caminho entre a informa\u00e7\u00e3o e quem precisa dela \u2013 o que resulta, no curto prazo, em ganhos para todos.<\/p>\n","protected":false},"excerpt":{"rendered":"<p>Lu\u00eds Fernando Ramos Molinaro, Karoll Haussler Carneiro Ramos Maison d&#8217;\u00e9dition LTC R\u00e9sum\u00e9: Gest\u00e3o de Tecnologia da Informa\u00e7\u00e3o | Governan\u00e7a de TI: Arquitetura e Alinhamento entre Sistemas de Informa\u00e7\u00e3o e o Neg\u00f3cio fala de um problema constante da era moderna: muita informa\u00e7\u00e3o gerada e perdida ao longo do caminho, e que por isso deixa de se transformar em conhecimento. \u00c9 um livro elaborado para atender um p\u00fablico com forma\u00e7\u00e3o variada, mas&hellip; <\/p>\n","protected":false},"author":3,"featured_media":17766,"comment_status":"open","ping_status":"closed","sticky":false,"template":"","format":"standard","meta":{"footnotes":""},"categories":[14,6,20],"tags":[],"class_list":["post-17765","post","type-post","status-publish","format-standard","has-post-thumbnail","hentry","category-administracao-e-estrategia-empresarial","category-livros","category-seguranca-da-informacao"],"views":223,"_links":{"self":[{"href":"https:\/\/www.bibliotecadeseguranca.com.br\/fr\/wp-json\/wp\/v2\/posts\/17765","targetHints":{"allow":["GET"]}}],"collection":[{"href":"https:\/\/www.bibliotecadeseguranca.com.br\/fr\/wp-json\/wp\/v2\/posts"}],"about":[{"href":"https:\/\/www.bibliotecadeseguranca.com.br\/fr\/wp-json\/wp\/v2\/types\/post"}],"author":[{"embeddable":true,"href":"https:\/\/www.bibliotecadeseguranca.com.br\/fr\/wp-json\/wp\/v2\/users\/3"}],"replies":[{"embeddable":true,"href":"https:\/\/www.bibliotecadeseguranca.com.br\/fr\/wp-json\/wp\/v2\/comments?post=17765"}],"version-history":[{"count":1,"href":"https:\/\/www.bibliotecadeseguranca.com.br\/fr\/wp-json\/wp\/v2\/posts\/17765\/revisions"}],"predecessor-version":[{"id":17767,"href":"https:\/\/www.bibliotecadeseguranca.com.br\/fr\/wp-json\/wp\/v2\/posts\/17765\/revisions\/17767"}],"wp:featuredmedia":[{"embeddable":true,"href":"https:\/\/www.bibliotecadeseguranca.com.br\/fr\/wp-json\/wp\/v2\/media\/17766"}],"wp:attachment":[{"href":"https:\/\/www.bibliotecadeseguranca.com.br\/fr\/wp-json\/wp\/v2\/media?parent=17765"}],"wp:term":[{"taxonomy":"category","embeddable":true,"href":"https:\/\/www.bibliotecadeseguranca.com.br\/fr\/wp-json\/wp\/v2\/categories?post=17765"},{"taxonomy":"post_tag","embeddable":true,"href":"https:\/\/www.bibliotecadeseguranca.com.br\/fr\/wp-json\/wp\/v2\/tags?post=17765"}],"curies":[{"name":"wp","href":"https:\/\/api.w.org\/{rel}","templated":true}]}}