{"id":17738,"date":"2021-11-18T14:00:03","date_gmt":"2021-11-18T17:00:03","guid":{"rendered":"https:\/\/www.bibliotecadeseguranca.com.br\/fr\/?p=17738"},"modified":"2021-11-18T08:45:35","modified_gmt":"2021-11-18T11:45:35","slug":"droit-de-la-securite-privee","status":"publish","type":"post","link":"https:\/\/www.bibliotecadeseguranca.com.br\/fr\/livros\/droit-de-la-securite-privee\/","title":{"rendered":"Droit de la S\u00e9curit\u00e9 Priv\u00e9e"},"content":{"rendered":"<p><span style=\"color: #003366;\"><strong><img loading=\"lazy\" decoding=\"async\" class=\"alignleft size-full wp-image-17739\" src=\"https:\/\/www.bibliotecadeseguranca.com.br\/fr\/wp-content\/uploads\/2021\/11\/droit-de-la-securite-privee.jpg\" alt=\"Droit de la S\u00e9curit\u00e9 Priv\u00e9e\" width=\"145\" height=\"204\" srcset=\"https:\/\/www.bibliotecadeseguranca.com.br\/fr\/wp-content\/uploads\/2021\/11\/droit-de-la-securite-privee.jpg 145w, https:\/\/www.bibliotecadeseguranca.com.br\/fr\/wp-content\/uploads\/2021\/11\/droit-de-la-securite-privee-107x150.jpg 107w\" sizes=\"auto, (max-width: 145px) 100vw, 145px\" \/>Marc Burg<\/strong><\/span><\/p>\n<p><span style=\"color: #003366;\"><strong>Maison d&#8217;\u00e9dition Legitech<\/strong><\/span><\/p>\n<p><span style=\"color: #003366;\"><strong>R\u00e9sum\u00e9:<\/strong><\/span> Pourquoi parler de droit de la s\u00e9curit\u00e9 priv\u00e9e<br \/>\nLa s\u00e9curit\u00e9, en France, ne peut qu&#8217;\u00eatre publique&#8230;<br \/>\nPourtant, ce sont plus de 350 000 personnes, plus que la police et la gendarmerie r\u00e9unies, qui sont concern\u00e9es, bon an mal an, par un droit sp\u00e9cifique, souvent complexe, obscur, parce qu&#8217;aux confins de multiples textes et codes, baignant dans le Code du travail, de la s\u00e9curit\u00e9 int\u00e9rieure et encore beaucoup d&#8217;autres (Codes de la construction et de l&#8217;habitation, du commerce, des transports, civil, p\u00e9nal, de proc\u00e9dure p\u00e9nale, rural, de l&#8217;aviation civile, de l&#8217;environnement, de d\u00e9ontologie, etc.).<br \/>\nAvec un sentiment d&#8217;ins\u00e9curit\u00e9 croissant, une menace terroriste constante et forte, une demande de plus en plus de protection de la part de la soci\u00e9t\u00e9, la s\u00e9curit\u00e9 priv\u00e9e a pris une place incontournable au sein du dispositif national de la s\u00e9curit\u00e9 int\u00e9rieure. Elle sera au coeur des \u00e9v\u00e9nements en 2023 pour la Coupe du monde de rugby et en 2024 pour les Jeux olympiques et paralympiques organis\u00e9s en France. Ses attributions n&#8217;ont cess\u00e9 de cro\u00eetre depuis une quarantaine d&#8217;ann\u00e9es avec de nouvelles pr\u00e9rogatives conf\u00e9r\u00e9es notamment, tout r\u00e9cemment, par la loi sur la s\u00e9curit\u00e9 globale pr\u00e9servant les libert\u00e9s du 25 mai 2021.<br \/>\nCette monographie, tr\u00e8s document\u00e9e, avec la vision du praticien mais aussi la r\u00e9flexion de l&#8217;universitaire, vise \u00e0 r\u00e9pondre \u00e0 toutes les questions juridiques que se posent les acteurs et professionnels de la fili\u00e8re, mais aussi les juristes, universitaires, \u00e9tudiants, avocats, les autres partenaires du continuum de la s\u00e9curit\u00e9 (police, gendarmerie, \u00e9lus et police municipale), les chefs d&#8217;entreprise, les personnes en cours de reconversion professionnelle vers ces m\u00e9tiers (militaires, policiers, gendarmes&#8230;) et plus globalement tout citoyen int\u00e9ress\u00e9 par ce droit encore trop m\u00e9connu.<\/p>\n","protected":false},"excerpt":{"rendered":"<p>Marc Burg Maison d&#8217;\u00e9dition Legitech R\u00e9sum\u00e9: Pourquoi parler de droit de la s\u00e9curit\u00e9 priv\u00e9e La s\u00e9curit\u00e9, en France, ne peut qu&#8217;\u00eatre publique&#8230; Pourtant, ce sont plus de 350 000 personnes, plus que la police et la gendarmerie r\u00e9unies, qui sont concern\u00e9es, bon an mal an, par un droit sp\u00e9cifique, souvent complexe, obscur, parce qu&#8217;aux confins de multiples textes et codes, baignant dans le Code du travail, de la s\u00e9curit\u00e9 int\u00e9rieure&hellip; <\/p>\n","protected":false},"author":3,"featured_media":17739,"comment_status":"open","ping_status":"closed","sticky":false,"template":"","format":"standard","meta":{"footnotes":""},"categories":[109,23,6],"tags":[],"class_list":["post-17738","post","type-post","status-publish","format-standard","has-post-thumbnail","hentry","category-francais","category-gestao-da-seguranca-empresarial","category-livros"],"views":418,"_links":{"self":[{"href":"https:\/\/www.bibliotecadeseguranca.com.br\/fr\/wp-json\/wp\/v2\/posts\/17738","targetHints":{"allow":["GET"]}}],"collection":[{"href":"https:\/\/www.bibliotecadeseguranca.com.br\/fr\/wp-json\/wp\/v2\/posts"}],"about":[{"href":"https:\/\/www.bibliotecadeseguranca.com.br\/fr\/wp-json\/wp\/v2\/types\/post"}],"author":[{"embeddable":true,"href":"https:\/\/www.bibliotecadeseguranca.com.br\/fr\/wp-json\/wp\/v2\/users\/3"}],"replies":[{"embeddable":true,"href":"https:\/\/www.bibliotecadeseguranca.com.br\/fr\/wp-json\/wp\/v2\/comments?post=17738"}],"version-history":[{"count":2,"href":"https:\/\/www.bibliotecadeseguranca.com.br\/fr\/wp-json\/wp\/v2\/posts\/17738\/revisions"}],"predecessor-version":[{"id":17741,"href":"https:\/\/www.bibliotecadeseguranca.com.br\/fr\/wp-json\/wp\/v2\/posts\/17738\/revisions\/17741"}],"wp:featuredmedia":[{"embeddable":true,"href":"https:\/\/www.bibliotecadeseguranca.com.br\/fr\/wp-json\/wp\/v2\/media\/17739"}],"wp:attachment":[{"href":"https:\/\/www.bibliotecadeseguranca.com.br\/fr\/wp-json\/wp\/v2\/media?parent=17738"}],"wp:term":[{"taxonomy":"category","embeddable":true,"href":"https:\/\/www.bibliotecadeseguranca.com.br\/fr\/wp-json\/wp\/v2\/categories?post=17738"},{"taxonomy":"post_tag","embeddable":true,"href":"https:\/\/www.bibliotecadeseguranca.com.br\/fr\/wp-json\/wp\/v2\/tags?post=17738"}],"curies":[{"name":"wp","href":"https:\/\/api.w.org\/{rel}","templated":true}]}}