{"id":17714,"date":"2021-11-08T14:00:29","date_gmt":"2021-11-08T17:00:29","guid":{"rendered":"https:\/\/www.bibliotecadeseguranca.com.br\/fr\/?p=17714"},"modified":"2021-11-08T13:24:13","modified_gmt":"2021-11-08T16:24:13","slug":"cartilha-de-seguranca-publica","status":"publish","type":"post","link":"https:\/\/www.bibliotecadeseguranca.com.br\/fr\/livros\/cartilha-de-seguranca-publica\/","title":{"rendered":"Cartilha de Seguran\u00e7a P\u00fablica"},"content":{"rendered":"<p><span style=\"color: #003366;\"><strong><img loading=\"lazy\" decoding=\"async\" class=\"alignleft size-full wp-image-17715\" src=\"https:\/\/www.bibliotecadeseguranca.com.br\/fr\/wp-content\/uploads\/2021\/11\/cartilha-de-seguranca-publica.jpg\" alt=\"Cartilha de Seguran\u00e7a P\u00fablica\" width=\"145\" height=\"205\" srcset=\"https:\/\/www.bibliotecadeseguranca.com.br\/fr\/wp-content\/uploads\/2021\/11\/cartilha-de-seguranca-publica.jpg 145w, https:\/\/www.bibliotecadeseguranca.com.br\/fr\/wp-content\/uploads\/2021\/11\/cartilha-de-seguranca-publica-106x150.jpg 106w\" sizes=\"auto, (max-width: 145px) 100vw, 145px\" \/>Conselho Nacional do Minist\u00e9rio P\u00fablico<\/strong><\/span><\/p>\n<p><span style=\"color: #003366;\"><strong>R\u00e9sum\u00e9:<\/strong><\/span> A tem\u00e1tica da seguran\u00e7a p\u00fablica \u00e9 um dos mais importantes desafios postos ao Brasil ap\u00f3s a Constitui\u00e7\u00e3o da Rep\u00fablica de 1988. Diante das mais distintas possibilidades explicativas para o grav\u00edssimo problema de seguran\u00e7a que o pa\u00eds experimenta, com destaque \u00e0 criminalidade violenta e \u00e0 aus\u00eancia de pol\u00edticas p\u00fablicas integradas e coordenadas nos \u00e2mbitos municipal, estadual e federal, a seguran\u00e7a p\u00fablica \u00e9 preocupa\u00e7\u00e3o do Minist\u00e9rio P\u00fablico porque presente nas suas mais distintas atribui\u00e7\u00f5es. Como garantia institucional de realiza\u00e7\u00e3o do programa constitucional, em especial os chamados direitos de realiza\u00e7\u00e3o obrigat\u00f3ria, seja na sua vertente de direitos individuais indispon\u00edveis, seja na vertente dos direitos de relev\u00e2ncia social, o Minist\u00e9rio P\u00fablico manifesta, no exerc\u00edcio de suas atribui\u00e7\u00f5es, a\u00e7\u00f5es que tocam diretamente a tem\u00e1tica da seguran\u00e7a p\u00fablica.<\/p>\n<p><a href=\"https:\/\/www.bibliotecadeseguranca.com.br\/wp-content\/uploads\/2021\/11\/cartilha-de-seguranca-publica.pdf\" target=\"_blank\" rel=\"noopener\"><img loading=\"lazy\" decoding=\"async\" class=\"alignleft wp-image-12143 size-full\" src=\"https:\/\/www.bibliotecadeseguranca.com.br\/fr\/wp-content\/uploads\/2015\/03\/download_fr.gif\" alt=\"T\u00e9l\u00e9charger\" width=\"107\" height=\"25\" \/><\/a><\/p>\n","protected":false},"excerpt":{"rendered":"<p>Conselho Nacional do Minist\u00e9rio P\u00fablico R\u00e9sum\u00e9: A tem\u00e1tica da seguran\u00e7a p\u00fablica \u00e9 um dos mais importantes desafios postos ao Brasil ap\u00f3s a Constitui\u00e7\u00e3o da Rep\u00fablica de 1988. Diante das mais distintas possibilidades explicativas para o grav\u00edssimo problema de seguran\u00e7a que o pa\u00eds experimenta, com destaque \u00e0 criminalidade violenta e \u00e0 aus\u00eancia de pol\u00edticas p\u00fablicas integradas e coordenadas nos \u00e2mbitos municipal, estadual e federal, a seguran\u00e7a p\u00fablica \u00e9 preocupa\u00e7\u00e3o do Minist\u00e9rio&hellip; <\/p>\n","protected":false},"author":3,"featured_media":17715,"comment_status":"open","ping_status":"closed","sticky":false,"template":"","format":"standard","meta":{"footnotes":""},"categories":[6,25,112],"tags":[],"class_list":["post-17714","post","type-post","status-publish","format-standard","has-post-thumbnail","hentry","category-livros","category-seguranca-publica-e-defesa","category-download"],"views":477,"_links":{"self":[{"href":"https:\/\/www.bibliotecadeseguranca.com.br\/fr\/wp-json\/wp\/v2\/posts\/17714","targetHints":{"allow":["GET"]}}],"collection":[{"href":"https:\/\/www.bibliotecadeseguranca.com.br\/fr\/wp-json\/wp\/v2\/posts"}],"about":[{"href":"https:\/\/www.bibliotecadeseguranca.com.br\/fr\/wp-json\/wp\/v2\/types\/post"}],"author":[{"embeddable":true,"href":"https:\/\/www.bibliotecadeseguranca.com.br\/fr\/wp-json\/wp\/v2\/users\/3"}],"replies":[{"embeddable":true,"href":"https:\/\/www.bibliotecadeseguranca.com.br\/fr\/wp-json\/wp\/v2\/comments?post=17714"}],"version-history":[{"count":1,"href":"https:\/\/www.bibliotecadeseguranca.com.br\/fr\/wp-json\/wp\/v2\/posts\/17714\/revisions"}],"predecessor-version":[{"id":17716,"href":"https:\/\/www.bibliotecadeseguranca.com.br\/fr\/wp-json\/wp\/v2\/posts\/17714\/revisions\/17716"}],"wp:featuredmedia":[{"embeddable":true,"href":"https:\/\/www.bibliotecadeseguranca.com.br\/fr\/wp-json\/wp\/v2\/media\/17715"}],"wp:attachment":[{"href":"https:\/\/www.bibliotecadeseguranca.com.br\/fr\/wp-json\/wp\/v2\/media?parent=17714"}],"wp:term":[{"taxonomy":"category","embeddable":true,"href":"https:\/\/www.bibliotecadeseguranca.com.br\/fr\/wp-json\/wp\/v2\/categories?post=17714"},{"taxonomy":"post_tag","embeddable":true,"href":"https:\/\/www.bibliotecadeseguranca.com.br\/fr\/wp-json\/wp\/v2\/tags?post=17714"}],"curies":[{"name":"wp","href":"https:\/\/api.w.org\/{rel}","templated":true}]}}