{"id":17705,"date":"2021-11-04T14:00:19","date_gmt":"2021-11-04T17:00:19","guid":{"rendered":"https:\/\/www.bibliotecadeseguranca.com.br\/fr\/?p=17705"},"modified":"2021-11-04T13:19:03","modified_gmt":"2021-11-04T16:19:03","slug":"securite-interieure-anciennes-menaces-et-nouveaux-risques","status":"publish","type":"post","link":"https:\/\/www.bibliotecadeseguranca.com.br\/fr\/livros\/securite-interieure-anciennes-menaces-et-nouveaux-risques\/","title":{"rendered":"S\u00e9curit\u00e9 Int\u00e9rieure &#8211; Anciennes Menaces et Nouveaux Risques"},"content":{"rendered":"<p><span style=\"color: #003366;\"><strong><img loading=\"lazy\" decoding=\"async\" class=\"alignleft size-full wp-image-17706\" src=\"https:\/\/www.bibliotecadeseguranca.com.br\/fr\/wp-content\/uploads\/2021\/11\/securite-interieure-anciennes-menaces-et-nouveaux-risques.jpg\" alt=\"S\u00e9curit\u00e9 Int\u00e9rieure - Anciennes Menaces et Nouveaux Risques\" width=\"145\" height=\"231\" srcset=\"https:\/\/www.bibliotecadeseguranca.com.br\/fr\/wp-content\/uploads\/2021\/11\/securite-interieure-anciennes-menaces-et-nouveaux-risques.jpg 145w, https:\/\/www.bibliotecadeseguranca.com.br\/fr\/wp-content\/uploads\/2021\/11\/securite-interieure-anciennes-menaces-et-nouveaux-risques-94x150.jpg 94w\" sizes=\"auto, (max-width: 145px) 100vw, 145px\" \/>Pierre Joxe<\/strong><\/span><\/p>\n<p><span style=\"color: #003366;\"><strong>Maison d&#8217;\u00e9dition Fayard<\/strong><\/span><\/p>\n<p><span style=\"color: #003366;\"><strong>R\u00e9sum\u00e9:<\/strong><\/span> \u00e9curit\u00e9 inf\u00e9rieure s&#8217;inscrit dans l&#8217;actualit\u00e9 en \u00e9voquant d&#8217;abord les questions traditionnelles de la s\u00e9curit\u00e9 des Fran\u00e7ais.<br \/>\nQuelle strat\u00e9gie de s\u00e9curit\u00e9 publique adopter pour endiguer la d\u00e9linquance qui p\u00e8se sur la vie de nos concitoyens ?<br \/>\nComment g\u00e9rer les manifestations d\u00e9rapant vers des \u00e9pisodes violents sans remettre en cause les principes du maintien de l&#8217;ordre r\u00e9publicain prot\u00e9geant les libert\u00e9s et l&#8217;int\u00e9grit\u00e9 physique de tous ?<br \/>\nFaut-il d\u00e9velopper sans limites la collecte, le fichage et le stockage des donn\u00e9es personnelles (y compris m\u00e9dicales et biologiques) pour faciliter la lutte de la Police judiciaire contre le crime ? Bref, quelles sont les valeurs, les finalit\u00e9s et les moyens qui doivent servir une action efficace des forces de l&#8217;ordre r\u00e9publicaines au XXIe si\u00e8cle ?<br \/>\nS\u00e9curit\u00e9 int\u00e9rieure aborde aussi les nouveaux probl\u00e8mes pos\u00e9s par le terrorisme depuis vingt ans et par la cybercriminalit\u00e9 plus r\u00e9cemment.<br \/>\nS\u00e9curit\u00e9 inf\u00e9rieure veut apporter une r\u00e9ponse m\u00ealant \u00e0 la fois le fruit de l&#8217;exp\u00e9rience et l&#8217;\u00e9tude comparative internationale.<br \/>\nPierre Joxe raconte enfin sans d\u00e9tour le quotidien d&#8217;un minist\u00e8re qui ne dort jamais, les coulisses des grandes crises de s\u00e9curit\u00e9, les rapports entretenus avec le pr\u00e9sident Fran\u00e7ois Mitterrand et l&#8217;impr\u00e9vu et l&#8217;extraordinaire qui le disputent \u00e0 la routine trompeuse d&#8217;une administration aux rouages bien huil\u00e9s.<\/p>\n","protected":false},"excerpt":{"rendered":"<p>Pierre Joxe Maison d&#8217;\u00e9dition Fayard R\u00e9sum\u00e9: \u00e9curit\u00e9 inf\u00e9rieure s&#8217;inscrit dans l&#8217;actualit\u00e9 en \u00e9voquant d&#8217;abord les questions traditionnelles de la s\u00e9curit\u00e9 des Fran\u00e7ais. Quelle strat\u00e9gie de s\u00e9curit\u00e9 publique adopter pour endiguer la d\u00e9linquance qui p\u00e8se sur la vie de nos concitoyens ? Comment g\u00e9rer les manifestations d\u00e9rapant vers des \u00e9pisodes violents sans remettre en cause les principes du maintien de l&#8217;ordre r\u00e9publicain prot\u00e9geant les libert\u00e9s et l&#8217;int\u00e9grit\u00e9 physique de tous ?&hellip; <\/p>\n","protected":false},"author":3,"featured_media":17706,"comment_status":"open","ping_status":"closed","sticky":false,"template":"","format":"standard","meta":{"footnotes":""},"categories":[109,6,25],"tags":[],"class_list":["post-17705","post","type-post","status-publish","format-standard","has-post-thumbnail","hentry","category-francais","category-livros","category-seguranca-publica-e-defesa"],"views":234,"_links":{"self":[{"href":"https:\/\/www.bibliotecadeseguranca.com.br\/fr\/wp-json\/wp\/v2\/posts\/17705","targetHints":{"allow":["GET"]}}],"collection":[{"href":"https:\/\/www.bibliotecadeseguranca.com.br\/fr\/wp-json\/wp\/v2\/posts"}],"about":[{"href":"https:\/\/www.bibliotecadeseguranca.com.br\/fr\/wp-json\/wp\/v2\/types\/post"}],"author":[{"embeddable":true,"href":"https:\/\/www.bibliotecadeseguranca.com.br\/fr\/wp-json\/wp\/v2\/users\/3"}],"replies":[{"embeddable":true,"href":"https:\/\/www.bibliotecadeseguranca.com.br\/fr\/wp-json\/wp\/v2\/comments?post=17705"}],"version-history":[{"count":1,"href":"https:\/\/www.bibliotecadeseguranca.com.br\/fr\/wp-json\/wp\/v2\/posts\/17705\/revisions"}],"predecessor-version":[{"id":17707,"href":"https:\/\/www.bibliotecadeseguranca.com.br\/fr\/wp-json\/wp\/v2\/posts\/17705\/revisions\/17707"}],"wp:featuredmedia":[{"embeddable":true,"href":"https:\/\/www.bibliotecadeseguranca.com.br\/fr\/wp-json\/wp\/v2\/media\/17706"}],"wp:attachment":[{"href":"https:\/\/www.bibliotecadeseguranca.com.br\/fr\/wp-json\/wp\/v2\/media?parent=17705"}],"wp:term":[{"taxonomy":"category","embeddable":true,"href":"https:\/\/www.bibliotecadeseguranca.com.br\/fr\/wp-json\/wp\/v2\/categories?post=17705"},{"taxonomy":"post_tag","embeddable":true,"href":"https:\/\/www.bibliotecadeseguranca.com.br\/fr\/wp-json\/wp\/v2\/tags?post=17705"}],"curies":[{"name":"wp","href":"https:\/\/api.w.org\/{rel}","templated":true}]}}