{"id":17698,"date":"2021-11-01T14:00:25","date_gmt":"2021-11-01T17:00:25","guid":{"rendered":"https:\/\/www.bibliotecadeseguranca.com.br\/fr\/?p=17698"},"modified":"2021-11-01T13:40:51","modified_gmt":"2021-11-01T16:40:51","slug":"seguranca-publica-em-pauta","status":"publish","type":"post","link":"https:\/\/www.bibliotecadeseguranca.com.br\/fr\/livros\/seguranca-publica-em-pauta\/","title":{"rendered":"Seguran\u00e7a P\u00fablica em Pauta"},"content":{"rendered":"<p><span style=\"color: #003366;\"><strong><img loading=\"lazy\" decoding=\"async\" class=\"alignleft size-full wp-image-17699\" src=\"https:\/\/www.bibliotecadeseguranca.com.br\/fr\/wp-content\/uploads\/2021\/11\/seguranca-publica-em-pauta.jpg\" alt=\"Seguran\u00e7a P\u00fablica em Pauta\" width=\"145\" height=\"185\" srcset=\"https:\/\/www.bibliotecadeseguranca.com.br\/fr\/wp-content\/uploads\/2021\/11\/seguranca-publica-em-pauta.jpg 145w, https:\/\/www.bibliotecadeseguranca.com.br\/fr\/wp-content\/uploads\/2021\/11\/seguranca-publica-em-pauta-118x150.jpg 118w\" sizes=\"auto, (max-width: 145px) 100vw, 145px\" \/>Vanessa Ara\u00fajo de Oliveira, Jonimar S. Souza, Lady Day Pereira de Souza, Aloir Pedruzzi Junior<\/strong><\/span><\/p>\n<p><span style=\"color: #003366;\"><strong>Maison d&#8217;\u00e9dition Appris<\/strong><\/span><\/p>\n<p><span style=\"color: #003366;\"><strong>R\u00e9sum\u00e9:<\/strong><\/span> O livro Seguran\u00e7a p\u00fablica em pauta nasceu de pr\u00e1ticas realizadas por professores, t\u00e9cnicos e acad\u00eamicos do curso de p\u00f3s-gradua\u00e7\u00e3o lato sensu em Planejamento Estrat\u00e9gico no Setor P\u00fablico em parceria entre o Instituto Federal de Educa\u00e7\u00e3o, Ci\u00eancia e Tecnologia de Rond\u00f4nia (Ifro) e a Secretaria de Estado da Seguran\u00e7a, Defesa e Cidadania do Estado de Rond\u00f4nia (Sesdec). A proposta objetivou angariar conte\u00fado cient\u00edfico de qualidade, decorrente de pesquisa acad\u00eamica em mat\u00e9ria de seguran\u00e7a p\u00fablica, defesa e cidadania; preparo para o exerc\u00edcio das fun\u00e7\u00f5es de gest\u00e3o no setor p\u00fablico; an\u00e1lise dos cen\u00e1rios de governan\u00e7a da seguran\u00e7a p\u00fablica; e impactar positivamente no desenvolvimento de habilidades pessoais e profissionais dos envolvidos na seguran\u00e7a p\u00fablica. Assim, a presente obra prop\u00f5e um olhar sobre pr\u00e1ticas e experi\u00eancias desenvolvidas na regi\u00e3o amaz\u00f4nica, primeiro como registros das boas pr\u00e1xis existentes, segundo como uma oportunidade de reflex\u00e3o sobre desafios e avan\u00e7os, e terceiro para o aprendizado e desenvolvimento regional. Portanto, o principal objetivo desta colet\u00e2nea \u00e9 contribuir para a socializa\u00e7\u00e3o e difus\u00e3o do conhecimento em Seguran\u00e7a P\u00fablica a toda a comunidade de profissionais dedicados a estudar e trabalhar nessa \u00e1rea.<\/p>\n","protected":false},"excerpt":{"rendered":"<p>Vanessa Ara\u00fajo de Oliveira, Jonimar S. Souza, Lady Day Pereira de Souza, Aloir Pedruzzi Junior Maison d&#8217;\u00e9dition Appris R\u00e9sum\u00e9: O livro Seguran\u00e7a p\u00fablica em pauta nasceu de pr\u00e1ticas realizadas por professores, t\u00e9cnicos e acad\u00eamicos do curso de p\u00f3s-gradua\u00e7\u00e3o lato sensu em Planejamento Estrat\u00e9gico no Setor P\u00fablico em parceria entre o Instituto Federal de Educa\u00e7\u00e3o, Ci\u00eancia e Tecnologia de Rond\u00f4nia (Ifro) e a Secretaria de Estado da Seguran\u00e7a, Defesa e Cidadania&hellip; <\/p>\n","protected":false},"author":3,"featured_media":17699,"comment_status":"open","ping_status":"closed","sticky":false,"template":"","format":"standard","meta":{"footnotes":""},"categories":[6,25],"tags":[],"class_list":["post-17698","post","type-post","status-publish","format-standard","has-post-thumbnail","hentry","category-livros","category-seguranca-publica-e-defesa"],"views":69,"_links":{"self":[{"href":"https:\/\/www.bibliotecadeseguranca.com.br\/fr\/wp-json\/wp\/v2\/posts\/17698","targetHints":{"allow":["GET"]}}],"collection":[{"href":"https:\/\/www.bibliotecadeseguranca.com.br\/fr\/wp-json\/wp\/v2\/posts"}],"about":[{"href":"https:\/\/www.bibliotecadeseguranca.com.br\/fr\/wp-json\/wp\/v2\/types\/post"}],"author":[{"embeddable":true,"href":"https:\/\/www.bibliotecadeseguranca.com.br\/fr\/wp-json\/wp\/v2\/users\/3"}],"replies":[{"embeddable":true,"href":"https:\/\/www.bibliotecadeseguranca.com.br\/fr\/wp-json\/wp\/v2\/comments?post=17698"}],"version-history":[{"count":1,"href":"https:\/\/www.bibliotecadeseguranca.com.br\/fr\/wp-json\/wp\/v2\/posts\/17698\/revisions"}],"predecessor-version":[{"id":17700,"href":"https:\/\/www.bibliotecadeseguranca.com.br\/fr\/wp-json\/wp\/v2\/posts\/17698\/revisions\/17700"}],"wp:featuredmedia":[{"embeddable":true,"href":"https:\/\/www.bibliotecadeseguranca.com.br\/fr\/wp-json\/wp\/v2\/media\/17699"}],"wp:attachment":[{"href":"https:\/\/www.bibliotecadeseguranca.com.br\/fr\/wp-json\/wp\/v2\/media?parent=17698"}],"wp:term":[{"taxonomy":"category","embeddable":true,"href":"https:\/\/www.bibliotecadeseguranca.com.br\/fr\/wp-json\/wp\/v2\/categories?post=17698"},{"taxonomy":"post_tag","embeddable":true,"href":"https:\/\/www.bibliotecadeseguranca.com.br\/fr\/wp-json\/wp\/v2\/tags?post=17698"}],"curies":[{"name":"wp","href":"https:\/\/api.w.org\/{rel}","templated":true}]}}