{"id":17688,"date":"2021-10-28T14:00:07","date_gmt":"2021-10-28T17:00:07","guid":{"rendered":"https:\/\/www.bibliotecadeseguranca.com.br\/fr\/?p=17688"},"modified":"2021-10-28T13:19:47","modified_gmt":"2021-10-28T16:19:47","slug":"faire-face-ensemble-vigilance-prevention-et-protection-face-a-la-menace-terroriste","status":"publish","type":"post","link":"https:\/\/www.bibliotecadeseguranca.com.br\/fr\/livros\/faire-face-ensemble-vigilance-prevention-et-protection-face-a-la-menace-terroriste\/","title":{"rendered":"Faire Face Ensemble &#8211; Vigilance, Pr\u00e9vention et Protection Face \u00e0 la Menace Terroriste"},"content":{"rendered":"<p><span style=\"color: #003366;\"><strong><img loading=\"lazy\" decoding=\"async\" class=\"alignleft size-full wp-image-17689\" src=\"https:\/\/www.bibliotecadeseguranca.com.br\/fr\/wp-content\/uploads\/2021\/10\/faire-face-ensemble-vigilance-prevention-et-protection-face-a-la-menace-terroriste.jpg\" alt=\"Faire Face Ensemble - Vigilance, Pr\u00e9vention et Protection Face \u00e0 la Menace Terroriste\" width=\"145\" height=\"205\" srcset=\"https:\/\/www.bibliotecadeseguranca.com.br\/fr\/wp-content\/uploads\/2021\/10\/faire-face-ensemble-vigilance-prevention-et-protection-face-a-la-menace-terroriste.jpg 145w, https:\/\/www.bibliotecadeseguranca.com.br\/fr\/wp-content\/uploads\/2021\/10\/faire-face-ensemble-vigilance-prevention-et-protection-face-a-la-menace-terroriste-106x150.jpg 106w\" sizes=\"auto, (max-width: 145px) 100vw, 145px\" \/>Secr\u00e9tariat G\u00e9n\u00e9ral de la D\u00e9fense et de la S\u00e9curit\u00e9 Nationale<\/strong><\/span><\/p>\n<p><span style=\"color: #003366;\"><strong>R\u00e9sum\u00e9:<\/strong><\/span> Depuis le 7 janvier 2015, une vague d\u2019attentats d\u2019une intensit\u00e9 particuli\u00e8rement dramatique s\u2019est abattue sur notre pays. Si le recours \u00e0 de tels proc\u00e9d\u00e9s visant \u00e0 semer intimidation et effroi n\u2019est malheureusement pas chose nouvelle dans notre histoire, force est n\u00e9anmoins de constater un changement d\u2019\u00e9chelle et de nature dans la violence terroriste \u00e0 laquelle nous sommes confront\u00e9s. La brutalit\u00e9 des moyens mis en \u0153uvre atteste de la volont\u00e9 \u2500 au demeurant clairement revendiqu\u00e9e \u2500 de tuer en masse et de mani\u00e8re indiscrimin\u00e9e. Le profil des auteurs de ces actes confirme par ailleurs l\u2019existence d\u2019une double menace, \u00e0 la fois projet\u00e9e depuis l\u2019\u00e9tranger et nourrie de l\u2019int\u00e9rieur via la propagande d\u2019organisations terroristes qui cherchent \u00e0 retourner contre leur pays nos propres concitoyens.<br \/>\nPour contrer ce p\u00e9ril terroriste, la France m\u00e8ne une action ferme et r\u00e9solue. Alors que notre pays continue \u00e0 s\u2019engager pleinement \u00e0 l\u2019ext\u00e9rieur, tant sur le plan diplomatique que militaire, notre dispositif de s\u00e9curit\u00e9 int\u00e9rieure a \u00e9t\u00e9 consid\u00e9rablement durci. Sur le plan juridique, institutionnel et financier, un important effort a \u00e9t\u00e9 consenti afin d\u2019augmenter et d\u2019am\u00e9liorer les moyens dont nous disposons, de renforcer la coordination de notre riposte et de cerner l\u2019ensemble des facteurs qui alimentent le ph\u00e9nom\u00e8ne de radicalisation.<\/p>\n<p><a href=\"https:\/\/www.bibliotecadeseguranca.com.br\/wp-content\/uploads\/2021\/10\/faire-face-ensemble-vigilance-prevention-et-protection-face-a-la-menace-terroriste.pdf\" target=\"_blank\" rel=\"noopener\"><img loading=\"lazy\" decoding=\"async\" class=\"alignleft wp-image-12143 size-full\" src=\"https:\/\/www.bibliotecadeseguranca.com.br\/fr\/wp-content\/uploads\/2015\/03\/download_fr.gif\" alt=\"T\u00e9l\u00e9charger\" width=\"107\" height=\"25\" \/><\/a><\/p>\n","protected":false},"excerpt":{"rendered":"<p>Secr\u00e9tariat G\u00e9n\u00e9ral de la D\u00e9fense et de la S\u00e9curit\u00e9 Nationale R\u00e9sum\u00e9: Depuis le 7 janvier 2015, une vague d\u2019attentats d\u2019une intensit\u00e9 particuli\u00e8rement dramatique s\u2019est abattue sur notre pays. Si le recours \u00e0 de tels proc\u00e9d\u00e9s visant \u00e0 semer intimidation et effroi n\u2019est malheureusement pas chose nouvelle dans notre histoire, force est n\u00e9anmoins de constater un changement d\u2019\u00e9chelle et de nature dans la violence terroriste \u00e0 laquelle nous sommes confront\u00e9s. La&hellip; <\/p>\n","protected":false},"author":3,"featured_media":17689,"comment_status":"open","ping_status":"closed","sticky":false,"template":"","format":"standard","meta":{"footnotes":""},"categories":[109,6,25,112],"tags":[],"class_list":["post-17688","post","type-post","status-publish","format-standard","has-post-thumbnail","hentry","category-francais","category-livros","category-seguranca-publica-e-defesa","category-download"],"views":112,"_links":{"self":[{"href":"https:\/\/www.bibliotecadeseguranca.com.br\/fr\/wp-json\/wp\/v2\/posts\/17688","targetHints":{"allow":["GET"]}}],"collection":[{"href":"https:\/\/www.bibliotecadeseguranca.com.br\/fr\/wp-json\/wp\/v2\/posts"}],"about":[{"href":"https:\/\/www.bibliotecadeseguranca.com.br\/fr\/wp-json\/wp\/v2\/types\/post"}],"author":[{"embeddable":true,"href":"https:\/\/www.bibliotecadeseguranca.com.br\/fr\/wp-json\/wp\/v2\/users\/3"}],"replies":[{"embeddable":true,"href":"https:\/\/www.bibliotecadeseguranca.com.br\/fr\/wp-json\/wp\/v2\/comments?post=17688"}],"version-history":[{"count":1,"href":"https:\/\/www.bibliotecadeseguranca.com.br\/fr\/wp-json\/wp\/v2\/posts\/17688\/revisions"}],"predecessor-version":[{"id":17690,"href":"https:\/\/www.bibliotecadeseguranca.com.br\/fr\/wp-json\/wp\/v2\/posts\/17688\/revisions\/17690"}],"wp:featuredmedia":[{"embeddable":true,"href":"https:\/\/www.bibliotecadeseguranca.com.br\/fr\/wp-json\/wp\/v2\/media\/17689"}],"wp:attachment":[{"href":"https:\/\/www.bibliotecadeseguranca.com.br\/fr\/wp-json\/wp\/v2\/media?parent=17688"}],"wp:term":[{"taxonomy":"category","embeddable":true,"href":"https:\/\/www.bibliotecadeseguranca.com.br\/fr\/wp-json\/wp\/v2\/categories?post=17688"},{"taxonomy":"post_tag","embeddable":true,"href":"https:\/\/www.bibliotecadeseguranca.com.br\/fr\/wp-json\/wp\/v2\/tags?post=17688"}],"curies":[{"name":"wp","href":"https:\/\/api.w.org\/{rel}","templated":true}]}}