{"id":17647,"date":"2021-10-11T14:00:19","date_gmt":"2021-10-11T17:00:19","guid":{"rendered":"https:\/\/www.bibliotecadeseguranca.com.br\/fr\/?p=17647"},"modified":"2021-10-11T13:33:28","modified_gmt":"2021-10-11T16:33:28","slug":"plano-nacional-de-seguranca-publica-e-defesa-social-2021-2030","status":"publish","type":"post","link":"https:\/\/www.bibliotecadeseguranca.com.br\/fr\/livros\/plano-nacional-de-seguranca-publica-e-defesa-social-2021-2030\/","title":{"rendered":"Plano Nacional de Seguran\u00e7a P\u00fablica e Defesa Social 2021-2030"},"content":{"rendered":"<p><img loading=\"lazy\" decoding=\"async\" class=\"alignleft wp-image-17648 size-full\" src=\"https:\/\/www.bibliotecadeseguranca.com.br\/fr\/wp-content\/uploads\/2021\/10\/plano-nacional-de-seguranca-publica-e-defesa-social-2021-2030.jpg\" alt=\"Plano Nacional de Seguran\u00e7a P\u00fablica e Defesa Social 2021-2030\" width=\"145\" height=\"205\" srcset=\"https:\/\/www.bibliotecadeseguranca.com.br\/fr\/wp-content\/uploads\/2021\/10\/plano-nacional-de-seguranca-publica-e-defesa-social-2021-2030.jpg 145w, https:\/\/www.bibliotecadeseguranca.com.br\/fr\/wp-content\/uploads\/2021\/10\/plano-nacional-de-seguranca-publica-e-defesa-social-2021-2030-106x150.jpg 106w\" sizes=\"auto, (max-width: 145px) 100vw, 145px\" \/><\/p>\n<p><span style=\"color: #003366;\"><strong>Minist\u00e9rio da Justi\u00e7a e Seguran\u00e7a P\u00fablica<\/strong><\/span><\/p>\n<p><span style=\"color: #003366;\"><strong>R\u00e9sum\u00e9:<\/strong><\/span> Deve ser claro para grande parte da popula\u00e7\u00e3o de um pa\u00eds que um governo deve dispor de um projeto pol\u00edtico vi\u00e1vel e de meios para sua execu\u00e7\u00e3o, administra\u00e7\u00e3o, al\u00e9m \u201cde capacidade t\u00e9cnica de planejamento, gest\u00e3o e adequa\u00e7\u00e3o das atividades programadas para constru\u00e7\u00e3o do projeto almejado\u201d. Assim, \u201cplanejamento\u201d \u00e9 palavra fundamental, por\u00e9m, n\u00e3o mais numa l\u00f3gica tecnocrata e centralizadora, apartada da realidade concreta. O planejamento na gest\u00e3o p\u00fablica precisa, necessariamente, considerar o car\u00e1ter din\u00e2mico e complexo da realidade da sociedade e do Estado e, em raz\u00e3o disso, apresentar solu\u00e7\u00f5es igualmente din\u00e2micas para obter efetividade nas a\u00e7\u00f5es.<br \/>\nEste aspecto \u00e9 a for\u00e7a motriz que justifica a revis\u00e3o do Plano Nacional de Seguran\u00e7a e Defesa Social 2018-2028 (PNSP). Publicado no final do \u00faltimo governo, o PNSP apresentou, \u00e0 luz da Lei n\u00ba 13.675, de 11 de junho 2018, e, em complemento a esta, um esperado alento \u00e0 popula\u00e7\u00e3o brasileira: um conjunto n\u00e3o exaustivo de objetivos, programas e ferramentas de governan\u00e7a para fornecer \u00e0 na\u00e7\u00e3o melhores condi\u00e7\u00f5es de seguran\u00e7a e acesso a direitos. Entretanto, conforme comentado anteriormente, a ess\u00eancia do bom planejamento em gest\u00e3o p\u00fablica diz respeito \u00e0 sua capacidade de adaptar-se ao cen\u00e1rio concreto que se coloca pela realidade cotidiana.<br \/>\nO que ora apresentamos s\u00e3o justamente os resultados desse esfor\u00e7o continuado de oferecer respostas p\u00fablicas adequadas \u00e0 popula\u00e7\u00e3o do Pa\u00eds no campo da seguran\u00e7a p\u00fablica e defesa social.<\/p>\n<p><a href=\"https:\/\/www.bibliotecadeseguranca.com.br\/wp-content\/uploads\/2021\/10\/plano-nacional-de-seguranca-publica-e-defesa-social-2021-2030.pdf\" target=\"_blank\" rel=\"noopener\"><img loading=\"lazy\" decoding=\"async\" class=\"alignleft wp-image-12143 size-full\" src=\"https:\/\/www.bibliotecadeseguranca.com.br\/fr\/wp-content\/uploads\/2015\/03\/download_fr.gif\" alt=\"T\u00e9l\u00e9charger\" width=\"107\" height=\"25\" \/><\/a><\/p>\n","protected":false},"excerpt":{"rendered":"<p>Minist\u00e9rio da Justi\u00e7a e Seguran\u00e7a P\u00fablica R\u00e9sum\u00e9: Deve ser claro para grande parte da popula\u00e7\u00e3o de um pa\u00eds que um governo deve dispor de um projeto pol\u00edtico vi\u00e1vel e de meios para sua execu\u00e7\u00e3o, administra\u00e7\u00e3o, al\u00e9m \u201cde capacidade t\u00e9cnica de planejamento, gest\u00e3o e adequa\u00e7\u00e3o das atividades programadas para constru\u00e7\u00e3o do projeto almejado\u201d. Assim, \u201cplanejamento\u201d \u00e9 palavra fundamental, por\u00e9m, n\u00e3o mais numa l\u00f3gica tecnocrata e centralizadora, apartada da realidade concreta. O&hellip; <\/p>\n","protected":false},"author":3,"featured_media":17648,"comment_status":"open","ping_status":"closed","sticky":false,"template":"","format":"standard","meta":{"footnotes":""},"categories":[6,25,112],"tags":[],"class_list":["post-17647","post","type-post","status-publish","format-standard","has-post-thumbnail","hentry","category-livros","category-seguranca-publica-e-defesa","category-download"],"views":239,"_links":{"self":[{"href":"https:\/\/www.bibliotecadeseguranca.com.br\/fr\/wp-json\/wp\/v2\/posts\/17647","targetHints":{"allow":["GET"]}}],"collection":[{"href":"https:\/\/www.bibliotecadeseguranca.com.br\/fr\/wp-json\/wp\/v2\/posts"}],"about":[{"href":"https:\/\/www.bibliotecadeseguranca.com.br\/fr\/wp-json\/wp\/v2\/types\/post"}],"author":[{"embeddable":true,"href":"https:\/\/www.bibliotecadeseguranca.com.br\/fr\/wp-json\/wp\/v2\/users\/3"}],"replies":[{"embeddable":true,"href":"https:\/\/www.bibliotecadeseguranca.com.br\/fr\/wp-json\/wp\/v2\/comments?post=17647"}],"version-history":[{"count":1,"href":"https:\/\/www.bibliotecadeseguranca.com.br\/fr\/wp-json\/wp\/v2\/posts\/17647\/revisions"}],"predecessor-version":[{"id":17649,"href":"https:\/\/www.bibliotecadeseguranca.com.br\/fr\/wp-json\/wp\/v2\/posts\/17647\/revisions\/17649"}],"wp:featuredmedia":[{"embeddable":true,"href":"https:\/\/www.bibliotecadeseguranca.com.br\/fr\/wp-json\/wp\/v2\/media\/17648"}],"wp:attachment":[{"href":"https:\/\/www.bibliotecadeseguranca.com.br\/fr\/wp-json\/wp\/v2\/media?parent=17647"}],"wp:term":[{"taxonomy":"category","embeddable":true,"href":"https:\/\/www.bibliotecadeseguranca.com.br\/fr\/wp-json\/wp\/v2\/categories?post=17647"},{"taxonomy":"post_tag","embeddable":true,"href":"https:\/\/www.bibliotecadeseguranca.com.br\/fr\/wp-json\/wp\/v2\/tags?post=17647"}],"curies":[{"name":"wp","href":"https:\/\/api.w.org\/{rel}","templated":true}]}}