{"id":17608,"date":"2021-09-24T14:00:31","date_gmt":"2021-09-24T17:00:31","guid":{"rendered":"https:\/\/www.bibliotecadeseguranca.com.br\/fr\/?p=17608"},"modified":"2021-09-24T13:13:35","modified_gmt":"2021-09-24T16:13:35","slug":"analise-da-policia-comunitaria-aplicada-no-brasil","status":"publish","type":"post","link":"https:\/\/www.bibliotecadeseguranca.com.br\/fr\/livros\/analise-da-policia-comunitaria-aplicada-no-brasil\/","title":{"rendered":"An\u00e1lise da Pol\u00edcia Comunit\u00e1ria Aplicada no Brasil"},"content":{"rendered":"<p><span style=\"color: #003366;\"><strong><img loading=\"lazy\" decoding=\"async\" class=\"alignleft size-full wp-image-17609\" src=\"https:\/\/www.bibliotecadeseguranca.com.br\/fr\/wp-content\/uploads\/2021\/09\/analise-da-policia-comunitaria-aplicada-no-brasil.jpg\" alt=\"An\u00e1lise da Pol\u00edcia Comunit\u00e1ria Aplicada no Brasil\" width=\"145\" height=\"204\" srcset=\"https:\/\/www.bibliotecadeseguranca.com.br\/fr\/wp-content\/uploads\/2021\/09\/analise-da-policia-comunitaria-aplicada-no-brasil.jpg 145w, https:\/\/www.bibliotecadeseguranca.com.br\/fr\/wp-content\/uploads\/2021\/09\/analise-da-policia-comunitaria-aplicada-no-brasil-107x150.jpg 107w\" sizes=\"auto, (max-width: 145px) 100vw, 145px\" \/>Marcos Roberto de Souza Peres, Mariel Muraro<\/strong><\/span><\/p>\n<p><span style=\"color: #003366;\"><strong>Maison d&#8217;\u00e9dition Appris<\/strong><\/span><\/p>\n<p><span style=\"color: #003366;\"><strong>R\u00e9sum\u00e9:<\/strong><\/span> Na d\u00e9cada de 1980, o Brasil dava seus primeiros passos para o processo de redemocratiza\u00e7\u00e3o, iniciado no ano de 1974 com o processo de reabertura pol\u00edtica, sinalizando que o pa\u00eds caminhava para o fim do per\u00edodo dos governos militares. Como parte desse processo, as pol\u00edcias militares precisavam modificar a sua atua\u00e7\u00e3o, que ficou marcada pela trucul\u00eancia e pela constante limita\u00e7\u00e3o dos direitos da popula\u00e7\u00e3o. Dessa maneira, iniciou-se, no estado do Rio de Janeiro, uma forma de atuar da pol\u00edcia baseada numa aproxima\u00e7\u00e3o maior entre a pol\u00edcia e a comunidade, buscando uma participa\u00e7\u00e3o solid\u00e1ria entre os agentes p\u00fablicos e as pessoas, de modo que todos se comprometessem em desenvolver a\u00e7\u00f5es mais efetivas de seguran\u00e7a p\u00fablica. Essa nova forma de agir foi denominada Pol\u00edcia Comunit\u00e1ria e se difundiu por v\u00e1rios estados brasileiros em meados da d\u00e9cada de 1980, sendo a promessa de uma pol\u00edcia do futuro. Hoje, no ano de 2020, mais de 30 anos se passaram e essa forma de agir se propagou pelo Brasil, consolidando-se como a solu\u00e7\u00e3o dos problemas de seguran\u00e7a p\u00fablica enfrentados em nosso pa\u00eds. Por\u00e9m, como podemos perceber nos notici\u00e1rios di\u00e1rios, de fato, o que se prometia n\u00e3o foi alcan\u00e7ado. A reflex\u00e3o sobre os motivos que impedem a pol\u00edcia comunit\u00e1ria de atingir todo do seu potencial no Brasil nos levou a escrever este livro, que esperamos possa motivar e tamb\u00e9m fazer refletir, sob o paradigma te\u00f3rico da criminologia cr\u00edtica, o que pode ser mudado na forma de agir das pol\u00edcias, para a que a pol\u00edcia comunit\u00e1ria seja efetiva no pa\u00eds.<\/p>\n","protected":false},"excerpt":{"rendered":"<p>Marcos Roberto de Souza Peres, Mariel Muraro Maison d&#8217;\u00e9dition Appris R\u00e9sum\u00e9: Na d\u00e9cada de 1980, o Brasil dava seus primeiros passos para o processo de redemocratiza\u00e7\u00e3o, iniciado no ano de 1974 com o processo de reabertura pol\u00edtica, sinalizando que o pa\u00eds caminhava para o fim do per\u00edodo dos governos militares. Como parte desse processo, as pol\u00edcias militares precisavam modificar a sua atua\u00e7\u00e3o, que ficou marcada pela trucul\u00eancia e pela constante&hellip; <\/p>\n","protected":false},"author":3,"featured_media":17609,"comment_status":"open","ping_status":"closed","sticky":false,"template":"","format":"standard","meta":{"footnotes":""},"categories":[6,25],"tags":[],"class_list":["post-17608","post","type-post","status-publish","format-standard","has-post-thumbnail","hentry","category-livros","category-seguranca-publica-e-defesa"],"views":363,"_links":{"self":[{"href":"https:\/\/www.bibliotecadeseguranca.com.br\/fr\/wp-json\/wp\/v2\/posts\/17608","targetHints":{"allow":["GET"]}}],"collection":[{"href":"https:\/\/www.bibliotecadeseguranca.com.br\/fr\/wp-json\/wp\/v2\/posts"}],"about":[{"href":"https:\/\/www.bibliotecadeseguranca.com.br\/fr\/wp-json\/wp\/v2\/types\/post"}],"author":[{"embeddable":true,"href":"https:\/\/www.bibliotecadeseguranca.com.br\/fr\/wp-json\/wp\/v2\/users\/3"}],"replies":[{"embeddable":true,"href":"https:\/\/www.bibliotecadeseguranca.com.br\/fr\/wp-json\/wp\/v2\/comments?post=17608"}],"version-history":[{"count":1,"href":"https:\/\/www.bibliotecadeseguranca.com.br\/fr\/wp-json\/wp\/v2\/posts\/17608\/revisions"}],"predecessor-version":[{"id":17610,"href":"https:\/\/www.bibliotecadeseguranca.com.br\/fr\/wp-json\/wp\/v2\/posts\/17608\/revisions\/17610"}],"wp:featuredmedia":[{"embeddable":true,"href":"https:\/\/www.bibliotecadeseguranca.com.br\/fr\/wp-json\/wp\/v2\/media\/17609"}],"wp:attachment":[{"href":"https:\/\/www.bibliotecadeseguranca.com.br\/fr\/wp-json\/wp\/v2\/media?parent=17608"}],"wp:term":[{"taxonomy":"category","embeddable":true,"href":"https:\/\/www.bibliotecadeseguranca.com.br\/fr\/wp-json\/wp\/v2\/categories?post=17608"},{"taxonomy":"post_tag","embeddable":true,"href":"https:\/\/www.bibliotecadeseguranca.com.br\/fr\/wp-json\/wp\/v2\/tags?post=17608"}],"curies":[{"name":"wp","href":"https:\/\/api.w.org\/{rel}","templated":true}]}}