{"id":17580,"date":"2021-09-13T14:00:54","date_gmt":"2021-09-13T17:00:54","guid":{"rendered":"https:\/\/www.bibliotecadeseguranca.com.br\/fr\/?p=17580"},"modified":"2021-09-13T13:11:37","modified_gmt":"2021-09-13T16:11:37","slug":"atlas-da-violencia-2021","status":"publish","type":"post","link":"https:\/\/www.bibliotecadeseguranca.com.br\/fr\/livros\/atlas-da-violencia-2021\/","title":{"rendered":"Atlas da Viol\u00eancia &#8211; 2021"},"content":{"rendered":"<p><span style=\"color: #003366;\"><strong><img loading=\"lazy\" decoding=\"async\" class=\"alignleft size-full wp-image-17581\" src=\"https:\/\/www.bibliotecadeseguranca.com.br\/fr\/wp-content\/uploads\/2021\/09\/atlas-da-violencia-2021.jpg\" alt=\"Atlas da Viol\u00eancia - 2021\" width=\"145\" height=\"194\" srcset=\"https:\/\/www.bibliotecadeseguranca.com.br\/fr\/wp-content\/uploads\/2021\/09\/atlas-da-violencia-2021.jpg 145w, https:\/\/www.bibliotecadeseguranca.com.br\/fr\/wp-content\/uploads\/2021\/09\/atlas-da-violencia-2021-112x150.jpg 112w\" sizes=\"auto, (max-width: 145px) 100vw, 145px\" \/>R\u00e9sum\u00e9:<\/strong><\/span> Neste Atlas da Viol\u00eancia 2021, o Instituto de Pesquisa Econ\u00f4mica Aplicada (Ipea) e o F\u00f3rum Brasileiro de Seguran\u00e7a P\u00fablica (FBSP) contaram com a parceria do Instituto Jones dos Santos Neves (IJSN). Como realizado nas \u00faltimas edi\u00e7\u00f5es, buscou-se retratar a viol\u00eancia no Brasil principalmente a partir dos dados do Sistema de Informa\u00e7\u00f5es sobre Mortalidade (SIM) e do Sistema de Informa\u00e7\u00e3o de Agravos de Notifica\u00e7\u00e3o (Sinan) do Minist\u00e9rio da Sa\u00fade.<br \/>\nNa an\u00e1lise dos dados do SIM, verificou-se um importante aumento das mortes violentas por causa indeterminada no ano de 2019, que traz, entre outros pontos que ser\u00e3o tratados, implica\u00e7\u00f5es para a comparabilidade entre os anos do per\u00edodo analisado.<br \/>\nAs an\u00e1lises dos dados de viol\u00eancia do Sinan, realizadas nas se\u00e7\u00f5es de viol\u00eancia contra a popula\u00e7\u00e3o LGBTQI+ e de viol\u00eancia contra pessoas com defici\u00eancia, foram centradas nos registros de viol\u00eancias cometidas por terceiros, excluindo-se assim os casos de agress\u00e3o autoinfligida, ou seja, em que a v\u00edtima tamb\u00e9m foi registrada como uma das autoras da viol\u00eancia.<br \/>\nComo se ver\u00e1 a seguir, h\u00e1 duas novas se\u00e7\u00f5es neste ano, tratando da viol\u00eancia que atinge duas popula\u00e7\u00f5es espec\u00edficas: pessoas com defici\u00eancias e pessoas ind\u00edgenas. Ao se introduzir esses novos temas, considerou-se oportuno iniciar as se\u00e7\u00f5es com elementos relevantes para a compreens\u00e3o da viol\u00eancia sofrida por esses grupos.<br \/>\nNo primeiro caso, foi inicialmente recuperada a pr\u00f3pria evolu\u00e7\u00e3o do conceito de defici\u00eancia, pois isso impacta a identifica\u00e7\u00e3o e a mensura\u00e7\u00e3o da popula\u00e7\u00e3o com defici\u00eancia. No segundo, \u00e9 brevemente apresentada a quest\u00e3o da identidade das pessoas de povos ind\u00edgenas e se indica que a viol\u00eancia f\u00edsica n\u00e3o d\u00e1 conta de toda viol\u00eancia \u00e9tnico-racial e simb\u00f3lica sofrida por essa popula\u00e7\u00e3o desde o nascimento do Brasil.<\/p>\n<p><a href=\"https:\/\/www.bibliotecadeseguranca.com.br\/wp-content\/uploads\/2021\/09\/atlas-da-violencia-2021.pdf\" target=\"_blank\" rel=\"noopener\"><img loading=\"lazy\" decoding=\"async\" class=\"alignleft wp-image-12143 size-full\" src=\"https:\/\/www.bibliotecadeseguranca.com.br\/fr\/wp-content\/uploads\/2015\/03\/download_fr.gif\" alt=\"T\u00e9l\u00e9charger\" width=\"107\" height=\"25\" \/><\/a><\/p>\n","protected":false},"excerpt":{"rendered":"<p>R\u00e9sum\u00e9: Neste Atlas da Viol\u00eancia 2021, o Instituto de Pesquisa Econ\u00f4mica Aplicada (Ipea) e o F\u00f3rum Brasileiro de Seguran\u00e7a P\u00fablica (FBSP) contaram com a parceria do Instituto Jones dos Santos Neves (IJSN). Como realizado nas \u00faltimas edi\u00e7\u00f5es, buscou-se retratar a viol\u00eancia no Brasil principalmente a partir dos dados do Sistema de Informa\u00e7\u00f5es sobre Mortalidade (SIM) e do Sistema de Informa\u00e7\u00e3o de Agravos de Notifica\u00e7\u00e3o (Sinan) do Minist\u00e9rio da Sa\u00fade. Na&hellip; <\/p>\n","protected":false},"author":3,"featured_media":17581,"comment_status":"open","ping_status":"closed","sticky":false,"template":"","format":"standard","meta":{"footnotes":""},"categories":[6,25,112],"tags":[],"class_list":["post-17580","post","type-post","status-publish","format-standard","has-post-thumbnail","hentry","category-livros","category-seguranca-publica-e-defesa","category-download"],"views":700,"_links":{"self":[{"href":"https:\/\/www.bibliotecadeseguranca.com.br\/fr\/wp-json\/wp\/v2\/posts\/17580","targetHints":{"allow":["GET"]}}],"collection":[{"href":"https:\/\/www.bibliotecadeseguranca.com.br\/fr\/wp-json\/wp\/v2\/posts"}],"about":[{"href":"https:\/\/www.bibliotecadeseguranca.com.br\/fr\/wp-json\/wp\/v2\/types\/post"}],"author":[{"embeddable":true,"href":"https:\/\/www.bibliotecadeseguranca.com.br\/fr\/wp-json\/wp\/v2\/users\/3"}],"replies":[{"embeddable":true,"href":"https:\/\/www.bibliotecadeseguranca.com.br\/fr\/wp-json\/wp\/v2\/comments?post=17580"}],"version-history":[{"count":1,"href":"https:\/\/www.bibliotecadeseguranca.com.br\/fr\/wp-json\/wp\/v2\/posts\/17580\/revisions"}],"predecessor-version":[{"id":17582,"href":"https:\/\/www.bibliotecadeseguranca.com.br\/fr\/wp-json\/wp\/v2\/posts\/17580\/revisions\/17582"}],"wp:featuredmedia":[{"embeddable":true,"href":"https:\/\/www.bibliotecadeseguranca.com.br\/fr\/wp-json\/wp\/v2\/media\/17581"}],"wp:attachment":[{"href":"https:\/\/www.bibliotecadeseguranca.com.br\/fr\/wp-json\/wp\/v2\/media?parent=17580"}],"wp:term":[{"taxonomy":"category","embeddable":true,"href":"https:\/\/www.bibliotecadeseguranca.com.br\/fr\/wp-json\/wp\/v2\/categories?post=17580"},{"taxonomy":"post_tag","embeddable":true,"href":"https:\/\/www.bibliotecadeseguranca.com.br\/fr\/wp-json\/wp\/v2\/tags?post=17580"}],"curies":[{"name":"wp","href":"https:\/\/api.w.org\/{rel}","templated":true}]}}