{"id":17574,"date":"2021-09-10T14:00:21","date_gmt":"2021-09-10T17:00:21","guid":{"rendered":"https:\/\/www.bibliotecadeseguranca.com.br\/fr\/?p=17574"},"modified":"2021-09-10T13:49:06","modified_gmt":"2021-09-10T16:49:06","slug":"les-missions-de-la-securite-privee","status":"publish","type":"post","link":"https:\/\/www.bibliotecadeseguranca.com.br\/fr\/livros\/les-missions-de-la-securite-privee\/","title":{"rendered":"Les missions de la s\u00e9curit\u00e9 priv\u00e9e"},"content":{"rendered":"<p><span style=\"color: #003366;\"><strong><img loading=\"lazy\" decoding=\"async\" class=\"alignleft size-full wp-image-17575\" src=\"https:\/\/www.bibliotecadeseguranca.com.br\/fr\/wp-content\/uploads\/2021\/09\/les-missions-de-la-securite-privee.jpg\" alt=\"Les missions de la s\u00e9curit\u00e9 priv\u00e9e\" width=\"145\" height=\"205\" srcset=\"https:\/\/www.bibliotecadeseguranca.com.br\/fr\/wp-content\/uploads\/2021\/09\/les-missions-de-la-securite-privee.jpg 145w, https:\/\/www.bibliotecadeseguranca.com.br\/fr\/wp-content\/uploads\/2021\/09\/les-missions-de-la-securite-privee-106x150.jpg 106w\" sizes=\"auto, (max-width: 145px) 100vw, 145px\" \/>Christophe Aubertin, Xavier Latour<\/strong><\/span><\/p>\n<p><span style=\"color: #003366;\"><strong>Maison d&#8217;\u00e9dition Mare &amp; Martin<\/strong><\/span><\/p>\n<p><span style=\"color: #003366;\"><strong>R\u00e9sum\u00e9:<\/strong><\/span> Les activit\u00e9s de s\u00e9curit\u00e9 priv\u00e9e contribuent \u00e0 une mission qui est, \u00e0 titre principal, d\u00e9volue \u00e0 la puissance publique : la protection des personnes et des biens contre la d\u00e9linquance. Aussi la s\u00e9curit\u00e9 priv\u00e9e n&#8217;est-elle pas un m\u00e9tier comme les autres. C&#8217;est une profession r\u00e9glement\u00e9e, soumise au contr\u00f4le de l&#8217;\u00c9tat. Il est donc capital de d\u00e9terminer les missions qui sont assur\u00e9es par la profession et celles qui lui sont interdites. D&#8217;un point de vue \u00e9conomique, les activit\u00e9s qui lui sont assign\u00e9es se trouvent soustraites \u00e0 la concurrence des autres entreprises. D&#8217;un point de vue politique, son champ d&#8217;action dessine en creux le domaine de la comp\u00e9tence exclusive de la puissance publique en mati\u00e8re de s\u00e9curit\u00e9. Il appartient donc au l\u00e9gislateur de d\u00e9limiter avec pr\u00e9cision les missions qu&#8217;il entend confier aux acteurs priv\u00e9s. Souvent remani\u00e9s, les textes peinent \u00e0 d\u00e9gager une v\u00e9ritable doctrine d&#8217;emploi de la s\u00e9curit\u00e9 priv\u00e9e. Ils n&#8217;ont cependant pas emp\u00each\u00e9 la profession de d\u00e9velopper de multiples activit\u00e9s qui vont des missions \u00e0 haut risque exerc\u00e9es par des agents arm\u00e9s aux prestations intellectuelles de conseil en s\u00fbret\u00e9, en passant par la formation aux m\u00e9tiers de la s\u00e9curit\u00e9, les services enrichis par le recours aux nouvelles technologies et les partenariats avec la s\u00e9curit\u00e9 publique.<\/p>\n","protected":false},"excerpt":{"rendered":"<p>Christophe Aubertin, Xavier Latour Maison d&#8217;\u00e9dition Mare &amp; Martin R\u00e9sum\u00e9: Les activit\u00e9s de s\u00e9curit\u00e9 priv\u00e9e contribuent \u00e0 une mission qui est, \u00e0 titre principal, d\u00e9volue \u00e0 la puissance publique : la protection des personnes et des biens contre la d\u00e9linquance. Aussi la s\u00e9curit\u00e9 priv\u00e9e n&#8217;est-elle pas un m\u00e9tier comme les autres. C&#8217;est une profession r\u00e9glement\u00e9e, soumise au contr\u00f4le de l&#8217;\u00c9tat. Il est donc capital de d\u00e9terminer les missions qui sont&hellip; <\/p>\n","protected":false},"author":3,"featured_media":17575,"comment_status":"open","ping_status":"closed","sticky":false,"template":"","format":"standard","meta":{"footnotes":""},"categories":[109,23,6],"tags":[],"class_list":["post-17574","post","type-post","status-publish","format-standard","has-post-thumbnail","hentry","category-francais","category-gestao-da-seguranca-empresarial","category-livros"],"views":188,"_links":{"self":[{"href":"https:\/\/www.bibliotecadeseguranca.com.br\/fr\/wp-json\/wp\/v2\/posts\/17574","targetHints":{"allow":["GET"]}}],"collection":[{"href":"https:\/\/www.bibliotecadeseguranca.com.br\/fr\/wp-json\/wp\/v2\/posts"}],"about":[{"href":"https:\/\/www.bibliotecadeseguranca.com.br\/fr\/wp-json\/wp\/v2\/types\/post"}],"author":[{"embeddable":true,"href":"https:\/\/www.bibliotecadeseguranca.com.br\/fr\/wp-json\/wp\/v2\/users\/3"}],"replies":[{"embeddable":true,"href":"https:\/\/www.bibliotecadeseguranca.com.br\/fr\/wp-json\/wp\/v2\/comments?post=17574"}],"version-history":[{"count":1,"href":"https:\/\/www.bibliotecadeseguranca.com.br\/fr\/wp-json\/wp\/v2\/posts\/17574\/revisions"}],"predecessor-version":[{"id":17576,"href":"https:\/\/www.bibliotecadeseguranca.com.br\/fr\/wp-json\/wp\/v2\/posts\/17574\/revisions\/17576"}],"wp:featuredmedia":[{"embeddable":true,"href":"https:\/\/www.bibliotecadeseguranca.com.br\/fr\/wp-json\/wp\/v2\/media\/17575"}],"wp:attachment":[{"href":"https:\/\/www.bibliotecadeseguranca.com.br\/fr\/wp-json\/wp\/v2\/media?parent=17574"}],"wp:term":[{"taxonomy":"category","embeddable":true,"href":"https:\/\/www.bibliotecadeseguranca.com.br\/fr\/wp-json\/wp\/v2\/categories?post=17574"},{"taxonomy":"post_tag","embeddable":true,"href":"https:\/\/www.bibliotecadeseguranca.com.br\/fr\/wp-json\/wp\/v2\/tags?post=17574"}],"curies":[{"name":"wp","href":"https:\/\/api.w.org\/{rel}","templated":true}]}}