{"id":17565,"date":"2021-09-06T14:00:37","date_gmt":"2021-09-06T17:00:37","guid":{"rendered":"https:\/\/www.bibliotecadeseguranca.com.br\/fr\/?p=17565"},"modified":"2021-09-06T13:47:11","modified_gmt":"2021-09-06T16:47:11","slug":"perspectivas-em-seguranca-publica","status":"publish","type":"post","link":"https:\/\/www.bibliotecadeseguranca.com.br\/fr\/livros\/perspectivas-em-seguranca-publica\/","title":{"rendered":"Perspectivas em Seguran\u00e7a P\u00fablica"},"content":{"rendered":"<p><span style=\"color: #003366;\"><strong><img loading=\"lazy\" decoding=\"async\" class=\"alignleft size-full wp-image-17566\" src=\"https:\/\/www.bibliotecadeseguranca.com.br\/fr\/wp-content\/uploads\/2021\/09\/perspectivas-em-seguranca-publica.jpg\" alt=\"Perspectivas em Seguran\u00e7a P\u00fablica\" width=\"145\" height=\"204\" srcset=\"https:\/\/www.bibliotecadeseguranca.com.br\/fr\/wp-content\/uploads\/2021\/09\/perspectivas-em-seguranca-publica.jpg 145w, https:\/\/www.bibliotecadeseguranca.com.br\/fr\/wp-content\/uploads\/2021\/09\/perspectivas-em-seguranca-publica-107x150.jpg 107w\" sizes=\"auto, (max-width: 145px) 100vw, 145px\" \/>Pablo Ornelas Rosa, Humberto Ribeiro Junior, Luciana Souza Borges, Pablo Silva Lira<\/strong><\/span><\/p>\n<p><span style=\"color: #003366;\"><strong>Maison d&#8217;\u00e9dition Insular<\/strong><\/span><\/p>\n<p><span style=\"color: #003366;\"><strong>R\u00e9sum\u00e9:<\/strong><\/span> &#8220;(&#8230;) gostaria de compartilhar uma reflex\u00e3o: a linha divis\u00f3ria que identifico n\u00e3o \u00e9 negligenci\u00e1vel. As quest\u00f5es \u00e0s quais alude situam-se no centro dos debates sobre seguran\u00e7a p\u00fablica, direitos humanos e Justi\u00e7a criminal: o \u201cEstado democr\u00e1tico de direito\u201d, tal como constitu\u00eddo entre n\u00f3s, faz ou n\u00e3o alguma diferen\u00e7a substantiva? Se faz, como explicar o \u201cestado de exce\u00e7\u00e3o\u201d a que, na pr\u00e1tica, t\u00eam sido submetidos territ\u00f3rios vulner\u00e1veis e suas popula\u00e7\u00f5es, sobretudo jovens negros? Se n\u00e3o faz, a categoria de Agamben, \u201cestado de exce\u00e7\u00e3o\u201d, indicia o fim da pol\u00edtica, afirmando-se portanto como uma esp\u00e9cie de vers\u00e3o gauche , desencantada e c\u00e9tica, do mito do \u201cfim da hist\u00f3ria\u201d, celebrado por pr\u00f3ceres liberais quando a Uni\u00e3o Sovi\u00e9tica desabou? Outra formula\u00e7\u00e3o da mesma pergunta: h\u00e1 diferen\u00e7a entre execu\u00e7\u00f5es extrajudiciais praticadas por representantes de institui\u00e7\u00f5es estatais (leia-se, policiais) em plena vig\u00eancia (formal) do Estado democr\u00e1tico de direito e execu\u00e7\u00f5es perpetradas por policiais em contexto legal-institucional diverso daquele formalmente correspondente ao Estado democr\u00e1tico de direito? Certamente, as mortes s\u00e3o as mesmas, a dor, a trag\u00e9dia, a brutalidade covarde. Mas a pergunta \u00e9: h\u00e1 diferen\u00e7a entre ambas as situa\u00e7\u00f5es descritas?&#8221; &#8211; Luiz Eduardo Soares (Trecho do Pref\u00e1cio)<\/p>\n","protected":false},"excerpt":{"rendered":"<p>Pablo Ornelas Rosa, Humberto Ribeiro Junior, Luciana Souza Borges, Pablo Silva Lira Maison d&#8217;\u00e9dition Insular R\u00e9sum\u00e9: &#8220;(&#8230;) gostaria de compartilhar uma reflex\u00e3o: a linha divis\u00f3ria que identifico n\u00e3o \u00e9 negligenci\u00e1vel. As quest\u00f5es \u00e0s quais alude situam-se no centro dos debates sobre seguran\u00e7a p\u00fablica, direitos humanos e Justi\u00e7a criminal: o \u201cEstado democr\u00e1tico de direito\u201d, tal como constitu\u00eddo entre n\u00f3s, faz ou n\u00e3o alguma diferen\u00e7a substantiva? Se faz, como explicar o \u201cestado&hellip; <\/p>\n","protected":false},"author":3,"featured_media":17566,"comment_status":"open","ping_status":"closed","sticky":false,"template":"","format":"standard","meta":{"footnotes":""},"categories":[6,25],"tags":[],"class_list":["post-17565","post","type-post","status-publish","format-standard","has-post-thumbnail","hentry","category-livros","category-seguranca-publica-e-defesa"],"views":143,"_links":{"self":[{"href":"https:\/\/www.bibliotecadeseguranca.com.br\/fr\/wp-json\/wp\/v2\/posts\/17565","targetHints":{"allow":["GET"]}}],"collection":[{"href":"https:\/\/www.bibliotecadeseguranca.com.br\/fr\/wp-json\/wp\/v2\/posts"}],"about":[{"href":"https:\/\/www.bibliotecadeseguranca.com.br\/fr\/wp-json\/wp\/v2\/types\/post"}],"author":[{"embeddable":true,"href":"https:\/\/www.bibliotecadeseguranca.com.br\/fr\/wp-json\/wp\/v2\/users\/3"}],"replies":[{"embeddable":true,"href":"https:\/\/www.bibliotecadeseguranca.com.br\/fr\/wp-json\/wp\/v2\/comments?post=17565"}],"version-history":[{"count":1,"href":"https:\/\/www.bibliotecadeseguranca.com.br\/fr\/wp-json\/wp\/v2\/posts\/17565\/revisions"}],"predecessor-version":[{"id":17567,"href":"https:\/\/www.bibliotecadeseguranca.com.br\/fr\/wp-json\/wp\/v2\/posts\/17565\/revisions\/17567"}],"wp:featuredmedia":[{"embeddable":true,"href":"https:\/\/www.bibliotecadeseguranca.com.br\/fr\/wp-json\/wp\/v2\/media\/17566"}],"wp:attachment":[{"href":"https:\/\/www.bibliotecadeseguranca.com.br\/fr\/wp-json\/wp\/v2\/media?parent=17565"}],"wp:term":[{"taxonomy":"category","embeddable":true,"href":"https:\/\/www.bibliotecadeseguranca.com.br\/fr\/wp-json\/wp\/v2\/categories?post=17565"},{"taxonomy":"post_tag","embeddable":true,"href":"https:\/\/www.bibliotecadeseguranca.com.br\/fr\/wp-json\/wp\/v2\/tags?post=17565"}],"curies":[{"name":"wp","href":"https:\/\/api.w.org\/{rel}","templated":true}]}}