{"id":17533,"date":"2021-08-23T14:00:56","date_gmt":"2021-08-23T17:00:56","guid":{"rendered":"https:\/\/www.bibliotecadeseguranca.com.br\/fr\/?p=17533"},"modified":"2021-08-23T13:45:12","modified_gmt":"2021-08-23T16:45:12","slug":"seguranca-publica-direito-dever-e-responsabilidade","status":"publish","type":"post","link":"https:\/\/www.bibliotecadeseguranca.com.br\/fr\/livros\/seguranca-publica-direito-dever-e-responsabilidade\/","title":{"rendered":"Seguran\u00e7a P\u00fablica: Direito, Dever e Responsabilidade"},"content":{"rendered":"<p><span style=\"color: #003366;\"><strong><img loading=\"lazy\" decoding=\"async\" class=\"alignleft size-full wp-image-17534\" src=\"https:\/\/www.bibliotecadeseguranca.com.br\/fr\/wp-content\/uploads\/2021\/08\/seguranca-publica-direito-dever-e-responsabilidade.jpg\" alt=\"Seguran\u00e7a P\u00fablica: Direito, Dever e Responsabilidade\" width=\"145\" height=\"205\" srcset=\"https:\/\/www.bibliotecadeseguranca.com.br\/fr\/wp-content\/uploads\/2021\/08\/seguranca-publica-direito-dever-e-responsabilidade.jpg 145w, https:\/\/www.bibliotecadeseguranca.com.br\/fr\/wp-content\/uploads\/2021\/08\/seguranca-publica-direito-dever-e-responsabilidade-106x150.jpg 106w\" sizes=\"auto, (max-width: 145px) 100vw, 145px\" \/>Nathan Glina<\/strong><\/span><\/p>\n<p><span style=\"color: #003366;\"><strong>Maison d&#8217;\u00e9dition Almedina<\/strong><\/span><\/p>\n<p><span style=\"color: #003366;\"><strong>R\u00e9sum\u00e9:<\/strong><\/span> O que \u00e9 seguran\u00e7a p\u00fablica? Mais importante, o que deve ser? Como a seguran\u00e7a p\u00fablica se insere e relaciona no \u00e2mbito dos direitos humanos? O que se pode esperar de uma pol\u00edtica p\u00fablica de seguran\u00e7a? Como se pode controlar a atividade executiva e legislativa nesta seara? Quais s\u00e3o os direitos de seguran\u00e7a? \u00c9 vi\u00e1vel existir um direito \u00e0 seguran\u00e7a p\u00fablica? Qual \u00e9 a realidade brasileira e como est\u00e1 sendo a evolu\u00e7\u00e3o do cen\u00e1rio nacional? \u00c9 poss\u00edvel comparar resultados de pol\u00edticas p\u00fablicas de seguran\u00e7a de Estados brasileiros com os de outros pa\u00edses ao longo do tempo? O que legitima, valida, fundamenta e deve dirigir a seguran\u00e7a p\u00fablica? Como o tema foi enfrentado na hist\u00f3ria constitucional brasileira e o que se pode aperfei\u00e7oar? Pensar e repensar temas relevantes para a vida, torna-se cada vez mais necess\u00e1rio nas sociedades complexas e de r\u00e1pidas mudan\u00e7as que formam a aldeia global. Este \u00e9 o desafio do presente trabalho. Buscar respostas a estas e outras indaga\u00e7\u00f5es e contribuir para o bem-estar de todos.<\/p>\n","protected":false},"excerpt":{"rendered":"<p>Nathan Glina Maison d&#8217;\u00e9dition Almedina R\u00e9sum\u00e9: O que \u00e9 seguran\u00e7a p\u00fablica? Mais importante, o que deve ser? Como a seguran\u00e7a p\u00fablica se insere e relaciona no \u00e2mbito dos direitos humanos? O que se pode esperar de uma pol\u00edtica p\u00fablica de seguran\u00e7a? Como se pode controlar a atividade executiva e legislativa nesta seara? Quais s\u00e3o os direitos de seguran\u00e7a? \u00c9 vi\u00e1vel existir um direito \u00e0 seguran\u00e7a p\u00fablica? Qual \u00e9 a realidade&hellip; <\/p>\n","protected":false},"author":3,"featured_media":17534,"comment_status":"open","ping_status":"closed","sticky":false,"template":"","format":"standard","meta":{"footnotes":""},"categories":[6,25],"tags":[],"class_list":["post-17533","post","type-post","status-publish","format-standard","has-post-thumbnail","hentry","category-livros","category-seguranca-publica-e-defesa"],"views":187,"_links":{"self":[{"href":"https:\/\/www.bibliotecadeseguranca.com.br\/fr\/wp-json\/wp\/v2\/posts\/17533","targetHints":{"allow":["GET"]}}],"collection":[{"href":"https:\/\/www.bibliotecadeseguranca.com.br\/fr\/wp-json\/wp\/v2\/posts"}],"about":[{"href":"https:\/\/www.bibliotecadeseguranca.com.br\/fr\/wp-json\/wp\/v2\/types\/post"}],"author":[{"embeddable":true,"href":"https:\/\/www.bibliotecadeseguranca.com.br\/fr\/wp-json\/wp\/v2\/users\/3"}],"replies":[{"embeddable":true,"href":"https:\/\/www.bibliotecadeseguranca.com.br\/fr\/wp-json\/wp\/v2\/comments?post=17533"}],"version-history":[{"count":1,"href":"https:\/\/www.bibliotecadeseguranca.com.br\/fr\/wp-json\/wp\/v2\/posts\/17533\/revisions"}],"predecessor-version":[{"id":17535,"href":"https:\/\/www.bibliotecadeseguranca.com.br\/fr\/wp-json\/wp\/v2\/posts\/17533\/revisions\/17535"}],"wp:featuredmedia":[{"embeddable":true,"href":"https:\/\/www.bibliotecadeseguranca.com.br\/fr\/wp-json\/wp\/v2\/media\/17534"}],"wp:attachment":[{"href":"https:\/\/www.bibliotecadeseguranca.com.br\/fr\/wp-json\/wp\/v2\/media?parent=17533"}],"wp:term":[{"taxonomy":"category","embeddable":true,"href":"https:\/\/www.bibliotecadeseguranca.com.br\/fr\/wp-json\/wp\/v2\/categories?post=17533"},{"taxonomy":"post_tag","embeddable":true,"href":"https:\/\/www.bibliotecadeseguranca.com.br\/fr\/wp-json\/wp\/v2\/tags?post=17533"}],"curies":[{"name":"wp","href":"https:\/\/api.w.org\/{rel}","templated":true}]}}