{"id":17504,"date":"2021-08-10T14:00:46","date_gmt":"2021-08-10T17:00:46","guid":{"rendered":"https:\/\/www.bibliotecadeseguranca.com.br\/fr\/?p=17504"},"modified":"2021-08-10T13:04:23","modified_gmt":"2021-08-10T16:04:23","slug":"la-securite-publique-au-quotidien-acteurs-territoires-et-technologies","status":"publish","type":"post","link":"https:\/\/www.bibliotecadeseguranca.com.br\/fr\/livros\/la-securite-publique-au-quotidien-acteurs-territoires-et-technologies\/","title":{"rendered":"La s\u00e9curit\u00e9 publique au quotidien &#8211; Acteurs, territoires et technologies"},"content":{"rendered":"<p><span style=\"color: #003366;\"><strong><img loading=\"lazy\" decoding=\"async\" class=\"alignleft size-full wp-image-17505\" src=\"https:\/\/www.bibliotecadeseguranca.com.br\/fr\/wp-content\/uploads\/2021\/08\/la-securite-publique-au-quotidien-acteurs-territoires-et-technologies.jpg\" alt=\"La s\u00e9curit\u00e9 publique au quotidien - Acteurs, territoires et technologies\" width=\"145\" height=\"201\" srcset=\"https:\/\/www.bibliotecadeseguranca.com.br\/fr\/wp-content\/uploads\/2021\/08\/la-securite-publique-au-quotidien-acteurs-territoires-et-technologies.jpg 145w, https:\/\/www.bibliotecadeseguranca.com.br\/fr\/wp-content\/uploads\/2021\/08\/la-securite-publique-au-quotidien-acteurs-territoires-et-technologies-108x150.jpg 108w\" sizes=\"auto, (max-width: 145px) 100vw, 145px\" \/>Pierre Garcin<\/strong><\/span><\/p>\n<p><span style=\"color: #003366;\"><strong>Maison d&#8217;\u00e9dition Armand Colin<\/strong><\/span><\/p>\n<p><span style=\"color: #003366;\"><strong>R\u00e9sum\u00e9:<\/strong><\/span> Le c\u0153ur du d\u00e9bat sur la question, celui qui int\u00e9resse les Fran\u00e7ais au quotidien, celui de leur propre s\u00e9curit\u00e9. L\u2019ensemble des probl\u00e9matiques classiques: les politiques conduites par les pouvoirs publics, les m\u00e9thodes utilis\u00e9es par les services de s\u00e9curit\u00e9 et une description de l&#8217;action des diff\u00e9rents acteurs (police et gendarmerie nationales, polices municipales, les pr\u00e9fets, les acteurs priv\u00e9s\u2026). Des probl\u00e9matiques nouvelles jusqu&#8217;alors peu ou pas du tout pr\u00e9sent\u00e9es au public: les relations entre la s\u00e9curit\u00e9 et le territoire (s\u00e9curit\u00e9 dans la profondeur du territoire national, europ\u00e9en; la s\u00e9curit\u00e9 et les flux\u2026), la s\u00e9curit\u00e9 et la technologie (quelles technologies de la s\u00e9curit\u00e9, quels enjeux, quels d\u00e9bats, quelles strat\u00e9gies).<\/p>\n","protected":false},"excerpt":{"rendered":"<p>Pierre Garcin Maison d&#8217;\u00e9dition Armand Colin R\u00e9sum\u00e9: Le c\u0153ur du d\u00e9bat sur la question, celui qui int\u00e9resse les Fran\u00e7ais au quotidien, celui de leur propre s\u00e9curit\u00e9. L\u2019ensemble des probl\u00e9matiques classiques: les politiques conduites par les pouvoirs publics, les m\u00e9thodes utilis\u00e9es par les services de s\u00e9curit\u00e9 et une description de l&#8217;action des diff\u00e9rents acteurs (police et gendarmerie nationales, polices municipales, les pr\u00e9fets, les acteurs priv\u00e9s\u2026). Des probl\u00e9matiques nouvelles jusqu&#8217;alors peu ou&hellip; <\/p>\n","protected":false},"author":3,"featured_media":17505,"comment_status":"open","ping_status":"closed","sticky":false,"template":"","format":"standard","meta":{"footnotes":""},"categories":[109,6,25],"tags":[],"class_list":["post-17504","post","type-post","status-publish","format-standard","has-post-thumbnail","hentry","category-francais","category-livros","category-seguranca-publica-e-defesa"],"views":146,"_links":{"self":[{"href":"https:\/\/www.bibliotecadeseguranca.com.br\/fr\/wp-json\/wp\/v2\/posts\/17504","targetHints":{"allow":["GET"]}}],"collection":[{"href":"https:\/\/www.bibliotecadeseguranca.com.br\/fr\/wp-json\/wp\/v2\/posts"}],"about":[{"href":"https:\/\/www.bibliotecadeseguranca.com.br\/fr\/wp-json\/wp\/v2\/types\/post"}],"author":[{"embeddable":true,"href":"https:\/\/www.bibliotecadeseguranca.com.br\/fr\/wp-json\/wp\/v2\/users\/3"}],"replies":[{"embeddable":true,"href":"https:\/\/www.bibliotecadeseguranca.com.br\/fr\/wp-json\/wp\/v2\/comments?post=17504"}],"version-history":[{"count":1,"href":"https:\/\/www.bibliotecadeseguranca.com.br\/fr\/wp-json\/wp\/v2\/posts\/17504\/revisions"}],"predecessor-version":[{"id":17506,"href":"https:\/\/www.bibliotecadeseguranca.com.br\/fr\/wp-json\/wp\/v2\/posts\/17504\/revisions\/17506"}],"wp:featuredmedia":[{"embeddable":true,"href":"https:\/\/www.bibliotecadeseguranca.com.br\/fr\/wp-json\/wp\/v2\/media\/17505"}],"wp:attachment":[{"href":"https:\/\/www.bibliotecadeseguranca.com.br\/fr\/wp-json\/wp\/v2\/media?parent=17504"}],"wp:term":[{"taxonomy":"category","embeddable":true,"href":"https:\/\/www.bibliotecadeseguranca.com.br\/fr\/wp-json\/wp\/v2\/categories?post=17504"},{"taxonomy":"post_tag","embeddable":true,"href":"https:\/\/www.bibliotecadeseguranca.com.br\/fr\/wp-json\/wp\/v2\/tags?post=17504"}],"curies":[{"name":"wp","href":"https:\/\/api.w.org\/{rel}","templated":true}]}}