{"id":17501,"date":"2021-08-09T14:00:31","date_gmt":"2021-08-09T17:00:31","guid":{"rendered":"https:\/\/www.bibliotecadeseguranca.com.br\/fr\/?p=17501"},"modified":"2021-08-09T13:28:51","modified_gmt":"2021-08-09T16:28:51","slug":"seguranca-publica-direito-fundamental-frente-a-criminalidade-organizada","status":"publish","type":"post","link":"https:\/\/www.bibliotecadeseguranca.com.br\/fr\/livros\/seguranca-publica-direito-fundamental-frente-a-criminalidade-organizada\/","title":{"rendered":"Seguran\u00e7a P\u00fablica &#8211; Direito Fundamental frente \u00e0 Criminalidade Organizada"},"content":{"rendered":"<p><span style=\"color: #003366;\"><strong><img loading=\"lazy\" decoding=\"async\" class=\"alignleft size-full wp-image-17502\" src=\"https:\/\/www.bibliotecadeseguranca.com.br\/fr\/wp-content\/uploads\/2021\/08\/seguranca-publica-direito-fundamental-frente-a-criminalidade-organizada.jpg\" alt=\"Seguran\u00e7a P\u00fablica - Direito Fundamental frente \u00e0 Criminalidade Organizada\" width=\"145\" height=\"205\" srcset=\"https:\/\/www.bibliotecadeseguranca.com.br\/fr\/wp-content\/uploads\/2021\/08\/seguranca-publica-direito-fundamental-frente-a-criminalidade-organizada.jpg 145w, https:\/\/www.bibliotecadeseguranca.com.br\/fr\/wp-content\/uploads\/2021\/08\/seguranca-publica-direito-fundamental-frente-a-criminalidade-organizada-106x150.jpg 106w\" sizes=\"auto, (max-width: 145px) 100vw, 145px\" \/>Sabrina Cunha Kesikowski Reis<\/strong><\/span><\/p>\n<p><span style=\"color: #003366;\"><strong>Maison d&#8217;\u00e9dition Juru\u00e1<\/strong><\/span><\/p>\n<p><span style=\"color: #003366;\"><strong>R\u00e9sum\u00e9:<\/strong><\/span> O atual cen\u00e1rio de criminalidade \u00e9 caracterizado pela atua\u00e7\u00e3o das organiza\u00e7\u00f5es criminosas transnacionais, que imp\u00f5em preju\u00edzos e dificuldades a diferentes aspectos das sociedades contempor\u00e2neas, uma vez que interferem nos setores econ\u00f4mico e social, nas institui\u00e7\u00f5es e pol\u00edticas democr\u00e1ticas, na persecu\u00e7\u00e3o e repress\u00e3o penal e, portanto, no Estado Democr\u00e1tico de Direito como um todo.<br \/>\n\u00c0 vista disso, a presente obra tem por objetivo analisar o direito fundamental social \u00e0 seguran\u00e7a p\u00fablica frente \u00e0 criminalidade organizada transnacional, buscando encontrar instrumentos jur\u00eddicos e materiais que possibilitem ao Estado garantir maior efetividade a este direito.<\/p>\n","protected":false},"excerpt":{"rendered":"<p>Sabrina Cunha Kesikowski Reis Maison d&#8217;\u00e9dition Juru\u00e1 R\u00e9sum\u00e9: O atual cen\u00e1rio de criminalidade \u00e9 caracterizado pela atua\u00e7\u00e3o das organiza\u00e7\u00f5es criminosas transnacionais, que imp\u00f5em preju\u00edzos e dificuldades a diferentes aspectos das sociedades contempor\u00e2neas, uma vez que interferem nos setores econ\u00f4mico e social, nas institui\u00e7\u00f5es e pol\u00edticas democr\u00e1ticas, na persecu\u00e7\u00e3o e repress\u00e3o penal e, portanto, no Estado Democr\u00e1tico de Direito como um todo. \u00c0 vista disso, a presente obra tem por objetivo&hellip; <\/p>\n","protected":false},"author":3,"featured_media":17502,"comment_status":"open","ping_status":"closed","sticky":false,"template":"","format":"standard","meta":{"footnotes":""},"categories":[6,25],"tags":[],"class_list":["post-17501","post","type-post","status-publish","format-standard","has-post-thumbnail","hentry","category-livros","category-seguranca-publica-e-defesa"],"views":510,"_links":{"self":[{"href":"https:\/\/www.bibliotecadeseguranca.com.br\/fr\/wp-json\/wp\/v2\/posts\/17501","targetHints":{"allow":["GET"]}}],"collection":[{"href":"https:\/\/www.bibliotecadeseguranca.com.br\/fr\/wp-json\/wp\/v2\/posts"}],"about":[{"href":"https:\/\/www.bibliotecadeseguranca.com.br\/fr\/wp-json\/wp\/v2\/types\/post"}],"author":[{"embeddable":true,"href":"https:\/\/www.bibliotecadeseguranca.com.br\/fr\/wp-json\/wp\/v2\/users\/3"}],"replies":[{"embeddable":true,"href":"https:\/\/www.bibliotecadeseguranca.com.br\/fr\/wp-json\/wp\/v2\/comments?post=17501"}],"version-history":[{"count":1,"href":"https:\/\/www.bibliotecadeseguranca.com.br\/fr\/wp-json\/wp\/v2\/posts\/17501\/revisions"}],"predecessor-version":[{"id":17503,"href":"https:\/\/www.bibliotecadeseguranca.com.br\/fr\/wp-json\/wp\/v2\/posts\/17501\/revisions\/17503"}],"wp:featuredmedia":[{"embeddable":true,"href":"https:\/\/www.bibliotecadeseguranca.com.br\/fr\/wp-json\/wp\/v2\/media\/17502"}],"wp:attachment":[{"href":"https:\/\/www.bibliotecadeseguranca.com.br\/fr\/wp-json\/wp\/v2\/media?parent=17501"}],"wp:term":[{"taxonomy":"category","embeddable":true,"href":"https:\/\/www.bibliotecadeseguranca.com.br\/fr\/wp-json\/wp\/v2\/categories?post=17501"},{"taxonomy":"post_tag","embeddable":true,"href":"https:\/\/www.bibliotecadeseguranca.com.br\/fr\/wp-json\/wp\/v2\/tags?post=17501"}],"curies":[{"name":"wp","href":"https:\/\/api.w.org\/{rel}","templated":true}]}}