{"id":17415,"date":"2021-07-02T14:00:54","date_gmt":"2021-07-02T17:00:54","guid":{"rendered":"https:\/\/www.bibliotecadeseguranca.com.br\/fr\/?p=17415"},"modified":"2021-07-02T13:47:57","modified_gmt":"2021-07-02T16:47:57","slug":"protecao-de-dados-pessoais-no-setor-de-saude","status":"publish","type":"post","link":"https:\/\/www.bibliotecadeseguranca.com.br\/fr\/livros\/protecao-de-dados-pessoais-no-setor-de-saude\/","title":{"rendered":"Prote\u00e7\u00e3o de Dados Pessoais no Setor de Sa\u00fade"},"content":{"rendered":"<p><span style=\"color: #003366;\"><strong><img loading=\"lazy\" decoding=\"async\" class=\"alignleft size-full wp-image-17416\" src=\"https:\/\/www.bibliotecadeseguranca.com.br\/fr\/wp-content\/uploads\/2021\/07\/protecao-de-dados-pessoais-no-setor-de-saude.jpg\" alt=\"Prote\u00e7\u00e3o de Dados Pessoais no Setor de Sa\u00fade\" width=\"145\" height=\"205\" srcset=\"https:\/\/www.bibliotecadeseguranca.com.br\/fr\/wp-content\/uploads\/2021\/07\/protecao-de-dados-pessoais-no-setor-de-saude.jpg 145w, https:\/\/www.bibliotecadeseguranca.com.br\/fr\/wp-content\/uploads\/2021\/07\/protecao-de-dados-pessoais-no-setor-de-saude-106x150.jpg 106w\" sizes=\"auto, (max-width: 145px) 100vw, 145px\" \/>Opice Blum<\/strong><\/span><\/p>\n<p><span style=\"color: #003366;\"><strong>R\u00e9sum\u00e9:<\/strong><\/span> A Lei 13.709\/2018, conhecida como LGPD (Lei Geral de Prote\u00e7\u00e3o de Dados), entrou em vigor no dia 18 de setembro de 2020. Essa legisla\u00e7\u00e3o conta com uma s\u00e9rie de disposi\u00e7\u00f5es para orientar e regular o tratamento de dados pessoais.<br \/>\nH\u00e1 diversas normas e regula\u00e7\u00f5es setoriais que versam sobre privacidade e prote\u00e7\u00e3o de dados no Brasil, como o C\u00f3digo de Defesa do Consumidor, a Lei de Acesso \u00e0 Informa\u00e7\u00e3o, a Lei Geral de Telecomunica\u00e7\u00f5es, o Marco Civil da Internet, a pr\u00f3pria Constitui\u00e7\u00e3o Federal Brasileira e, no caso da sa\u00fade, as diversas normas setoriais da Ag\u00eancia Nacional de Sa\u00fade Suplementar (ANS), do Conselho Federal de Medicina (CFM), da Ag\u00eancia Nacional de Vigil\u00e2ncia Sanit\u00e1ria (Anvisa), do Conselho Nacional de Sa\u00fade (CNS), entre outras.<\/p>\n<p><a href=\"https:\/\/www.bibliotecadeseguranca.com.br\/wp-content\/uploads\/2021\/07\/protecao-de-dados-pessoais-no-setor-de-saude.pdf\" target=\"_blank\" rel=\"noopener\"><img loading=\"lazy\" decoding=\"async\" class=\"alignleft wp-image-12143 size-full\" src=\"https:\/\/www.bibliotecadeseguranca.com.br\/fr\/wp-content\/uploads\/2015\/03\/download_fr.gif\" alt=\"T\u00e9l\u00e9charger\" width=\"107\" height=\"25\" \/><\/a><\/p>\n","protected":false},"excerpt":{"rendered":"<p>Opice Blum R\u00e9sum\u00e9: A Lei 13.709\/2018, conhecida como LGPD (Lei Geral de Prote\u00e7\u00e3o de Dados), entrou em vigor no dia 18 de setembro de 2020. Essa legisla\u00e7\u00e3o conta com uma s\u00e9rie de disposi\u00e7\u00f5es para orientar e regular o tratamento de dados pessoais. H\u00e1 diversas normas e regula\u00e7\u00f5es setoriais que versam sobre privacidade e prote\u00e7\u00e3o de dados no Brasil, como o C\u00f3digo de Defesa do Consumidor, a Lei de Acesso \u00e0&hellip; <\/p>\n","protected":false},"author":3,"featured_media":17416,"comment_status":"open","ping_status":"closed","sticky":false,"template":"","format":"standard","meta":{"footnotes":""},"categories":[6,20,112],"tags":[],"class_list":["post-17415","post","type-post","status-publish","format-standard","has-post-thumbnail","hentry","category-livros","category-seguranca-da-informacao","category-download"],"views":167,"_links":{"self":[{"href":"https:\/\/www.bibliotecadeseguranca.com.br\/fr\/wp-json\/wp\/v2\/posts\/17415","targetHints":{"allow":["GET"]}}],"collection":[{"href":"https:\/\/www.bibliotecadeseguranca.com.br\/fr\/wp-json\/wp\/v2\/posts"}],"about":[{"href":"https:\/\/www.bibliotecadeseguranca.com.br\/fr\/wp-json\/wp\/v2\/types\/post"}],"author":[{"embeddable":true,"href":"https:\/\/www.bibliotecadeseguranca.com.br\/fr\/wp-json\/wp\/v2\/users\/3"}],"replies":[{"embeddable":true,"href":"https:\/\/www.bibliotecadeseguranca.com.br\/fr\/wp-json\/wp\/v2\/comments?post=17415"}],"version-history":[{"count":1,"href":"https:\/\/www.bibliotecadeseguranca.com.br\/fr\/wp-json\/wp\/v2\/posts\/17415\/revisions"}],"predecessor-version":[{"id":17417,"href":"https:\/\/www.bibliotecadeseguranca.com.br\/fr\/wp-json\/wp\/v2\/posts\/17415\/revisions\/17417"}],"wp:featuredmedia":[{"embeddable":true,"href":"https:\/\/www.bibliotecadeseguranca.com.br\/fr\/wp-json\/wp\/v2\/media\/17416"}],"wp:attachment":[{"href":"https:\/\/www.bibliotecadeseguranca.com.br\/fr\/wp-json\/wp\/v2\/media?parent=17415"}],"wp:term":[{"taxonomy":"category","embeddable":true,"href":"https:\/\/www.bibliotecadeseguranca.com.br\/fr\/wp-json\/wp\/v2\/categories?post=17415"},{"taxonomy":"post_tag","embeddable":true,"href":"https:\/\/www.bibliotecadeseguranca.com.br\/fr\/wp-json\/wp\/v2\/tags?post=17415"}],"curies":[{"name":"wp","href":"https:\/\/api.w.org\/{rel}","templated":true}]}}