{"id":17396,"date":"2021-06-24T14:00:32","date_gmt":"2021-06-24T17:00:32","guid":{"rendered":"https:\/\/www.bibliotecadeseguranca.com.br\/fr\/?p=17396"},"modified":"2021-06-24T13:36:45","modified_gmt":"2021-06-24T16:36:45","slug":"en-la-linea-de-fuego-la-realidad-de-los-enfrentamientos-armados","status":"publish","type":"post","link":"https:\/\/www.bibliotecadeseguranca.com.br\/fr\/livros\/en-la-linea-de-fuego-la-realidad-de-los-enfrentamientos-armados\/","title":{"rendered":"En la L\u00ednea de Fuego: La Realidad de los Enfrentamientos Armados"},"content":{"rendered":"<p><span style=\"color: #003366;\"><strong><img loading=\"lazy\" decoding=\"async\" class=\"alignleft size-full wp-image-17397\" src=\"https:\/\/www.bibliotecadeseguranca.com.br\/fr\/wp-content\/uploads\/2021\/06\/en-la-linea-de-fuego-la-realidad-de-los-enfrentamientos-armados.jpg\" alt=\"En la L\u00ednea de Fuego: La Realidad de los Enfrentamientos Armados\" width=\"145\" height=\"199\" srcset=\"https:\/\/www.bibliotecadeseguranca.com.br\/fr\/wp-content\/uploads\/2021\/06\/en-la-linea-de-fuego-la-realidad-de-los-enfrentamientos-armados.jpg 145w, https:\/\/www.bibliotecadeseguranca.com.br\/fr\/wp-content\/uploads\/2021\/06\/en-la-linea-de-fuego-la-realidad-de-los-enfrentamientos-armados-109x150.jpg 109w\" sizes=\"auto, (max-width: 145px) 100vw, 145px\" \/>Ernesto P\u00e9rez Vera, Fernando P\u00e9rez Pacho<\/strong><\/span><\/p>\n<p><span style=\"color: #003366;\"><strong>Maison d&#8217;\u00e9dition Tecnos<\/strong><\/span><\/p>\n<p><span style=\"color: #003366;\"><strong>R\u00e9sum\u00e9:<\/strong><\/span> \u00a1Tambi\u00e9n ocurre aqu\u00ed! Se suele decir que nunca pasa nada y que esas cosas solamente ocurren en Estados Unidos, en el cine y en las series de televisi\u00f3n, pero no es verdad. Conozca testimonios y manifestaciones que nacen de polic\u00edas locales, auton\u00f3micos, nacionales, guardias civiles e incluso de agentes privados. Todos fueron brutalmente agredidos. Muchos resultaron heridos de gravedad, otros presentaron lesiones de menor entidad y algunos incluso regresaron ilesos a sus casas. En unos casos los ataques fueron ejecutados por indeseables seres inhumanos y, en otros, lamentablemente, por enfermos mentales. Algunos de los que han contado a los autores tan \u00edntimas y vitales experiencias consiguieron abatir a sus agresores, acabando en ocasiones con sus vidas o hiri\u00e9ndolos para neutralizar el riesgo. Porque sepa una cosa: no es lo mismo verse en la l\u00ednea de tiro de la galer\u00eda, que en la l\u00ednea de fuego de la realidad de la calle.<\/p>\n","protected":false},"excerpt":{"rendered":"<p>Ernesto P\u00e9rez Vera, Fernando P\u00e9rez Pacho Maison d&#8217;\u00e9dition Tecnos R\u00e9sum\u00e9: \u00a1Tambi\u00e9n ocurre aqu\u00ed! Se suele decir que nunca pasa nada y que esas cosas solamente ocurren en Estados Unidos, en el cine y en las series de televisi\u00f3n, pero no es verdad. Conozca testimonios y manifestaciones que nacen de polic\u00edas locales, auton\u00f3micos, nacionales, guardias civiles e incluso de agentes privados. Todos fueron brutalmente agredidos. Muchos resultaron heridos de gravedad, otros&hellip; <\/p>\n","protected":false},"author":3,"featured_media":17397,"comment_status":"open","ping_status":"closed","sticky":false,"template":"","format":"standard","meta":{"footnotes":""},"categories":[81,6,25],"tags":[],"class_list":["post-17396","post","type-post","status-publish","format-standard","has-post-thumbnail","hentry","category-espanol","category-livros","category-seguranca-publica-e-defesa"],"views":80,"_links":{"self":[{"href":"https:\/\/www.bibliotecadeseguranca.com.br\/fr\/wp-json\/wp\/v2\/posts\/17396","targetHints":{"allow":["GET"]}}],"collection":[{"href":"https:\/\/www.bibliotecadeseguranca.com.br\/fr\/wp-json\/wp\/v2\/posts"}],"about":[{"href":"https:\/\/www.bibliotecadeseguranca.com.br\/fr\/wp-json\/wp\/v2\/types\/post"}],"author":[{"embeddable":true,"href":"https:\/\/www.bibliotecadeseguranca.com.br\/fr\/wp-json\/wp\/v2\/users\/3"}],"replies":[{"embeddable":true,"href":"https:\/\/www.bibliotecadeseguranca.com.br\/fr\/wp-json\/wp\/v2\/comments?post=17396"}],"version-history":[{"count":1,"href":"https:\/\/www.bibliotecadeseguranca.com.br\/fr\/wp-json\/wp\/v2\/posts\/17396\/revisions"}],"predecessor-version":[{"id":17398,"href":"https:\/\/www.bibliotecadeseguranca.com.br\/fr\/wp-json\/wp\/v2\/posts\/17396\/revisions\/17398"}],"wp:featuredmedia":[{"embeddable":true,"href":"https:\/\/www.bibliotecadeseguranca.com.br\/fr\/wp-json\/wp\/v2\/media\/17397"}],"wp:attachment":[{"href":"https:\/\/www.bibliotecadeseguranca.com.br\/fr\/wp-json\/wp\/v2\/media?parent=17396"}],"wp:term":[{"taxonomy":"category","embeddable":true,"href":"https:\/\/www.bibliotecadeseguranca.com.br\/fr\/wp-json\/wp\/v2\/categories?post=17396"},{"taxonomy":"post_tag","embeddable":true,"href":"https:\/\/www.bibliotecadeseguranca.com.br\/fr\/wp-json\/wp\/v2\/tags?post=17396"}],"curies":[{"name":"wp","href":"https:\/\/api.w.org\/{rel}","templated":true}]}}