{"id":17345,"date":"2021-05-31T14:00:33","date_gmt":"2021-05-31T17:00:33","guid":{"rendered":"https:\/\/www.bibliotecadeseguranca.com.br\/fr\/?p=17345"},"modified":"2021-05-31T11:46:46","modified_gmt":"2021-05-31T14:46:46","slug":"guia-orientativo-para-definicoes-dos-agentes-de-tratamento-de-dados-pessoais-e-do-encarregado","status":"publish","type":"post","link":"https:\/\/www.bibliotecadeseguranca.com.br\/fr\/livros\/guia-orientativo-para-definicoes-dos-agentes-de-tratamento-de-dados-pessoais-e-do-encarregado\/","title":{"rendered":"Guia Orientativo para Defini\u00e7\u00f5es dos Agentes de Tratamento de Dados Pessoais e do Encarregado"},"content":{"rendered":"<p><span style=\"color: #003366;\"><strong><img loading=\"lazy\" decoding=\"async\" class=\"alignleft size-full wp-image-17346\" src=\"https:\/\/www.bibliotecadeseguranca.com.br\/fr\/wp-content\/uploads\/2021\/05\/guia-orientativo-para-definicoes-dos-agentes-de-tratamento-de-dados-pessoais-e-do-encarregado.jpg\" alt=\"Guia Orientativo para Defini\u00e7\u00f5es dos Agentes de Tratamento de Dados Pessoais e do Encarregado\" width=\"145\" height=\"205\" srcset=\"https:\/\/www.bibliotecadeseguranca.com.br\/fr\/wp-content\/uploads\/2021\/05\/guia-orientativo-para-definicoes-dos-agentes-de-tratamento-de-dados-pessoais-e-do-encarregado.jpg 145w, https:\/\/www.bibliotecadeseguranca.com.br\/fr\/wp-content\/uploads\/2021\/05\/guia-orientativo-para-definicoes-dos-agentes-de-tratamento-de-dados-pessoais-e-do-encarregado-106x150.jpg 106w\" sizes=\"auto, (max-width: 145px) 100vw, 145px\" \/>Autoridade Nacional de Prote\u00e7\u00e3o de Dados &#8211; Brasil<\/strong><\/span><\/p>\n<p><span style=\"color: #003366;\"><strong>R\u00e9sum\u00e9:<\/strong><\/span> A publica\u00e7\u00e3o da Lei Geral de Prote\u00e7\u00e3o de Dados Pessoais (LGPD), qual seja, a Lei n\u00ba 13.709 de 14 de agosto de 2018, representa um marco ao dispor sobre o seu tratamento por pessoas f\u00edsicas e jur\u00eddicas, ao apresentar conceitos e ao buscar estruturar nacionalmente um sistema efetivo de prote\u00e7\u00e3o de dados pessoais. Ao mesmo tempo, a LGPD deixa espa\u00e7os para interpreta\u00e7\u00f5es e regulamenta\u00e7\u00e3o pela Autoridade Nacional de Prote\u00e7\u00e3o de Dados (ANPD), a quem incumbe zelar pelos dados pessoais, bem como regulamentar a LGPD e o seu enforcement.<br \/>\nDos assuntos que t\u00eam suscitado d\u00favidas destacam-se o conceito e os aspectos relacionados aos agentes de tratamento, quais sejam, o controlador e o operador, bem como sobre o encarregado. Assim, com base nas atribui\u00e7\u00f5es institucionais da ANPD decorrentes do art. 55-J, VI e VII1 , da LGPD, e considerando a necessidade de esclarecimentos a respeito de conceitos para a atua\u00e7\u00e3o de organiza\u00e7\u00f5es p\u00fablicas e privadas no tratamento de dados pessoais, foi elaborado o \u2018Guia Orientativo para a Defini\u00e7\u00e3o dos Agentes de Tratamento e do Encarregado\u2019.<br \/>\nO presente guia orientativo busca estabelecer diretrizes n\u00e3o-vinculantes aos agentes de tratamento e explicar quem pode exercer a fun\u00e7\u00e3o do controlador, do operador e do encarregado; as defini\u00e7\u00f5es legais; os respectivos regimes de responsabilidade; casos concretos que exemplificam as explica\u00e7\u00f5es da ANPD e as perguntas frequentes sobre o assunto.<\/p>\n<p><a href=\"https:\/\/www.bibliotecadeseguranca.com.br\/wp-content\/uploads\/2021\/05\/guia-orientativo-para-definicoes-dos-agentes-de-tratamento-de-dados-pessoais-e-do-encarregado.pdf\" target=\"_blank\" rel=\"noopener\"><img loading=\"lazy\" decoding=\"async\" class=\"alignleft wp-image-12143 size-full\" src=\"https:\/\/www.bibliotecadeseguranca.com.br\/fr\/wp-content\/uploads\/2015\/03\/download_fr.gif\" alt=\"T\u00e9l\u00e9charger\" width=\"107\" height=\"25\" \/><\/a><\/p>\n","protected":false},"excerpt":{"rendered":"<p>Autoridade Nacional de Prote\u00e7\u00e3o de Dados &#8211; Brasil R\u00e9sum\u00e9: A publica\u00e7\u00e3o da Lei Geral de Prote\u00e7\u00e3o de Dados Pessoais (LGPD), qual seja, a Lei n\u00ba 13.709 de 14 de agosto de 2018, representa um marco ao dispor sobre o seu tratamento por pessoas f\u00edsicas e jur\u00eddicas, ao apresentar conceitos e ao buscar estruturar nacionalmente um sistema efetivo de prote\u00e7\u00e3o de dados pessoais. Ao mesmo tempo, a LGPD deixa espa\u00e7os para&hellip; <\/p>\n","protected":false},"author":3,"featured_media":17346,"comment_status":"open","ping_status":"closed","sticky":false,"template":"","format":"standard","meta":{"footnotes":""},"categories":[6,20,112],"tags":[],"class_list":["post-17345","post","type-post","status-publish","format-standard","has-post-thumbnail","hentry","category-livros","category-seguranca-da-informacao","category-download"],"views":183,"_links":{"self":[{"href":"https:\/\/www.bibliotecadeseguranca.com.br\/fr\/wp-json\/wp\/v2\/posts\/17345","targetHints":{"allow":["GET"]}}],"collection":[{"href":"https:\/\/www.bibliotecadeseguranca.com.br\/fr\/wp-json\/wp\/v2\/posts"}],"about":[{"href":"https:\/\/www.bibliotecadeseguranca.com.br\/fr\/wp-json\/wp\/v2\/types\/post"}],"author":[{"embeddable":true,"href":"https:\/\/www.bibliotecadeseguranca.com.br\/fr\/wp-json\/wp\/v2\/users\/3"}],"replies":[{"embeddable":true,"href":"https:\/\/www.bibliotecadeseguranca.com.br\/fr\/wp-json\/wp\/v2\/comments?post=17345"}],"version-history":[{"count":1,"href":"https:\/\/www.bibliotecadeseguranca.com.br\/fr\/wp-json\/wp\/v2\/posts\/17345\/revisions"}],"predecessor-version":[{"id":17347,"href":"https:\/\/www.bibliotecadeseguranca.com.br\/fr\/wp-json\/wp\/v2\/posts\/17345\/revisions\/17347"}],"wp:featuredmedia":[{"embeddable":true,"href":"https:\/\/www.bibliotecadeseguranca.com.br\/fr\/wp-json\/wp\/v2\/media\/17346"}],"wp:attachment":[{"href":"https:\/\/www.bibliotecadeseguranca.com.br\/fr\/wp-json\/wp\/v2\/media?parent=17345"}],"wp:term":[{"taxonomy":"category","embeddable":true,"href":"https:\/\/www.bibliotecadeseguranca.com.br\/fr\/wp-json\/wp\/v2\/categories?post=17345"},{"taxonomy":"post_tag","embeddable":true,"href":"https:\/\/www.bibliotecadeseguranca.com.br\/fr\/wp-json\/wp\/v2\/tags?post=17345"}],"curies":[{"name":"wp","href":"https:\/\/api.w.org\/{rel}","templated":true}]}}