{"id":17313,"date":"2021-05-17T14:00:28","date_gmt":"2021-05-17T17:00:28","guid":{"rendered":"https:\/\/www.bibliotecadeseguranca.com.br\/fr\/?p=17313"},"modified":"2021-05-17T13:37:29","modified_gmt":"2021-05-17T16:37:29","slug":"reconhecimento-facial-e-o-setor-privado","status":"publish","type":"post","link":"https:\/\/www.bibliotecadeseguranca.com.br\/fr\/livros\/reconhecimento-facial-e-o-setor-privado\/","title":{"rendered":"Reconhecimento Facial e o Setor Privado"},"content":{"rendered":"<p><span style=\"color: #003366;\"><strong><img loading=\"lazy\" decoding=\"async\" class=\"alignleft size-full wp-image-17314\" src=\"https:\/\/www.bibliotecadeseguranca.com.br\/fr\/wp-content\/uploads\/2021\/05\/reconhecimento-facial-e-o-setor-privado.jpg\" alt=\"Reconhecimento Facial e o Setor Privado\" width=\"145\" height=\"205\" srcset=\"https:\/\/www.bibliotecadeseguranca.com.br\/fr\/wp-content\/uploads\/2021\/05\/reconhecimento-facial-e-o-setor-privado.jpg 145w, https:\/\/www.bibliotecadeseguranca.com.br\/fr\/wp-content\/uploads\/2021\/05\/reconhecimento-facial-e-o-setor-privado-106x150.jpg 106w\" sizes=\"auto, (max-width: 145px) 100vw, 145px\" \/>Idec &#8211; InternetLab<\/strong><\/span><\/p>\n<p><span style=\"color: #003366;\"><strong>R\u00e9sum\u00e9:<\/strong><\/span> Este relat\u00f3rio, produzido de forma colaborativa pelo InternetLab e pelo Idec, busca introduzir boas pr\u00e1ticas que possam nortear o setor privado no desenvolvimento de suas atividades, no que diz respeito ao oferecimento de produtos e servi\u00e7os com base em tecnologias de reconhecimento facial. O relat\u00f3rio oferece um panorama das principais quest\u00f5es ligadas \u00e0 utiliza\u00e7\u00e3o de tecnologias de reconhecimento facial por pessoas jur\u00eddicas de direito privado no Brasil, apresentando as caracter\u00edsticas b\u00e1sicas de funcionamento dessas ferramentas e alguns conceitos necess\u00e1rios para a compreens\u00e3o da discuss\u00e3o. Acreditamos que ado\u00e7\u00e3o de boas pr\u00e1ticas na utiliza\u00e7\u00e3o de tecnologias de reconhecimento facial \u00e9 uma necessidade \u00e9tica e legal para as empresas que pretendem promover a inova\u00e7\u00e3o de forma respons\u00e1vel.<\/p>\n<p><a href=\"https:\/\/www.bibliotecadeseguranca.com.br\/wp-content\/uploads\/2021\/05\/reconhecimento-facial-e-o-setor-privado.pdf\" target=\"_blank\" rel=\"noopener\"><img loading=\"lazy\" decoding=\"async\" class=\"alignleft wp-image-12143 size-full\" src=\"https:\/\/www.bibliotecadeseguranca.com.br\/fr\/wp-content\/uploads\/2015\/03\/download_fr.gif\" alt=\"T\u00e9l\u00e9charger\" width=\"107\" height=\"25\" \/><\/a><\/p>\n","protected":false},"excerpt":{"rendered":"<p>Idec &#8211; InternetLab R\u00e9sum\u00e9: Este relat\u00f3rio, produzido de forma colaborativa pelo InternetLab e pelo Idec, busca introduzir boas pr\u00e1ticas que possam nortear o setor privado no desenvolvimento de suas atividades, no que diz respeito ao oferecimento de produtos e servi\u00e7os com base em tecnologias de reconhecimento facial. O relat\u00f3rio oferece um panorama das principais quest\u00f5es ligadas \u00e0 utiliza\u00e7\u00e3o de tecnologias de reconhecimento facial por pessoas jur\u00eddicas de direito privado no&hellip; <\/p>\n","protected":false},"author":3,"featured_media":17314,"comment_status":"open","ping_status":"closed","sticky":false,"template":"","format":"standard","meta":{"footnotes":""},"categories":[23,6,20,25,112],"tags":[],"class_list":["post-17313","post","type-post","status-publish","format-standard","has-post-thumbnail","hentry","category-gestao-da-seguranca-empresarial","category-livros","category-seguranca-da-informacao","category-seguranca-publica-e-defesa","category-download"],"views":144,"_links":{"self":[{"href":"https:\/\/www.bibliotecadeseguranca.com.br\/fr\/wp-json\/wp\/v2\/posts\/17313","targetHints":{"allow":["GET"]}}],"collection":[{"href":"https:\/\/www.bibliotecadeseguranca.com.br\/fr\/wp-json\/wp\/v2\/posts"}],"about":[{"href":"https:\/\/www.bibliotecadeseguranca.com.br\/fr\/wp-json\/wp\/v2\/types\/post"}],"author":[{"embeddable":true,"href":"https:\/\/www.bibliotecadeseguranca.com.br\/fr\/wp-json\/wp\/v2\/users\/3"}],"replies":[{"embeddable":true,"href":"https:\/\/www.bibliotecadeseguranca.com.br\/fr\/wp-json\/wp\/v2\/comments?post=17313"}],"version-history":[{"count":1,"href":"https:\/\/www.bibliotecadeseguranca.com.br\/fr\/wp-json\/wp\/v2\/posts\/17313\/revisions"}],"predecessor-version":[{"id":17315,"href":"https:\/\/www.bibliotecadeseguranca.com.br\/fr\/wp-json\/wp\/v2\/posts\/17313\/revisions\/17315"}],"wp:featuredmedia":[{"embeddable":true,"href":"https:\/\/www.bibliotecadeseguranca.com.br\/fr\/wp-json\/wp\/v2\/media\/17314"}],"wp:attachment":[{"href":"https:\/\/www.bibliotecadeseguranca.com.br\/fr\/wp-json\/wp\/v2\/media?parent=17313"}],"wp:term":[{"taxonomy":"category","embeddable":true,"href":"https:\/\/www.bibliotecadeseguranca.com.br\/fr\/wp-json\/wp\/v2\/categories?post=17313"},{"taxonomy":"post_tag","embeddable":true,"href":"https:\/\/www.bibliotecadeseguranca.com.br\/fr\/wp-json\/wp\/v2\/tags?post=17313"}],"curies":[{"name":"wp","href":"https:\/\/api.w.org\/{rel}","templated":true}]}}