{"id":17225,"date":"2021-04-08T14:00:25","date_gmt":"2021-04-08T17:00:25","guid":{"rendered":"https:\/\/www.bibliotecadeseguranca.com.br\/fr\/?p=17225"},"modified":"2021-04-08T13:21:40","modified_gmt":"2021-04-08T16:21:40","slug":"lei-geral-de-protecao-de-dados-o-que-voce-precisa-saber","status":"publish","type":"post","link":"https:\/\/www.bibliotecadeseguranca.com.br\/fr\/livros\/lei-geral-de-protecao-de-dados-o-que-voce-precisa-saber\/","title":{"rendered":"Lei Geral de Prote\u00e7\u00e3o de Dados &#8211; O que Voc\u00ea Precisa Saber"},"content":{"rendered":"<p><span style=\"color: #003366;\"><strong><img loading=\"lazy\" decoding=\"async\" class=\"alignleft size-full wp-image-17226\" src=\"https:\/\/www.bibliotecadeseguranca.com.br\/fr\/wp-content\/uploads\/2021\/04\/lei-geral-de-protecao-de-dados-o-que-voce-precisa-saber.jpg\" alt=\"Lei Geral de Prote\u00e7\u00e3o de Dados - O que Voc\u00ea Precisa Saber\" width=\"145\" height=\"172\" srcset=\"https:\/\/www.bibliotecadeseguranca.com.br\/fr\/wp-content\/uploads\/2021\/04\/lei-geral-de-protecao-de-dados-o-que-voce-precisa-saber.jpg 145w, https:\/\/www.bibliotecadeseguranca.com.br\/fr\/wp-content\/uploads\/2021\/04\/lei-geral-de-protecao-de-dados-o-que-voce-precisa-saber-126x150.jpg 126w\" sizes=\"auto, (max-width: 145px) 100vw, 145px\" \/>Procon &#8211; S\u00e3o Paulo<\/strong><\/span><\/p>\n<p><span style=\"color: #003366;\"><strong>R\u00e9sum\u00e9:<\/strong><\/span> A privacidade, honra, nome, imagem, intimidade e liberdade s\u00e3o direitos fundamentais. O sigilo das informa\u00e7\u00f5es sempre foi uma preocupa\u00e7\u00e3o da humanidade, mas a partir do momento em que as sociedades foram se transformando e o processamento de dados foi assumindo cada vez mais import\u00e2ncia no ambiente econ\u00f4mico, a necessidade de sua prote\u00e7\u00e3o ficou mais evidente.<br \/>\nCom o crescimento de novas plataformas de neg\u00f3cios, baseadas em cria\u00e7\u00e3o de perfis de consumo para publicidade direcionada, nossos dados pessoais tornaram-se mais valiosos para as empresas.<br \/>\nIsso acabou gerando uma coleta indiscriminada dessas informa\u00e7\u00f5es, criando uma sensa\u00e7\u00e3o de desconforto e inseguran\u00e7a ante o vazamento de dados que foram descobertos nos \u00faltimos anos.<\/p>\n<p><a href=\"https:\/\/www.bibliotecadeseguranca.com.br\/wp-content\/uploads\/2021\/04\/lei-geral-de-protecao-de-dados-o-que-voce-precisa-saber.pdf\" target=\"_blank\" rel=\"noopener\"><img loading=\"lazy\" decoding=\"async\" class=\"alignleft wp-image-12143 size-full\" src=\"https:\/\/www.bibliotecadeseguranca.com.br\/fr\/wp-content\/uploads\/2015\/03\/download_fr.gif\" alt=\"T\u00e9l\u00e9charger\" width=\"107\" height=\"25\" \/><\/a><\/p>\n","protected":false},"excerpt":{"rendered":"<p>Procon &#8211; S\u00e3o Paulo R\u00e9sum\u00e9: A privacidade, honra, nome, imagem, intimidade e liberdade s\u00e3o direitos fundamentais. O sigilo das informa\u00e7\u00f5es sempre foi uma preocupa\u00e7\u00e3o da humanidade, mas a partir do momento em que as sociedades foram se transformando e o processamento de dados foi assumindo cada vez mais import\u00e2ncia no ambiente econ\u00f4mico, a necessidade de sua prote\u00e7\u00e3o ficou mais evidente. Com o crescimento de novas plataformas de neg\u00f3cios, baseadas em&hellip; <\/p>\n","protected":false},"author":3,"featured_media":17226,"comment_status":"open","ping_status":"closed","sticky":false,"template":"","format":"standard","meta":{"footnotes":""},"categories":[6,20,112],"tags":[],"class_list":["post-17225","post","type-post","status-publish","format-standard","has-post-thumbnail","hentry","category-livros","category-seguranca-da-informacao","category-download"],"views":124,"_links":{"self":[{"href":"https:\/\/www.bibliotecadeseguranca.com.br\/fr\/wp-json\/wp\/v2\/posts\/17225","targetHints":{"allow":["GET"]}}],"collection":[{"href":"https:\/\/www.bibliotecadeseguranca.com.br\/fr\/wp-json\/wp\/v2\/posts"}],"about":[{"href":"https:\/\/www.bibliotecadeseguranca.com.br\/fr\/wp-json\/wp\/v2\/types\/post"}],"author":[{"embeddable":true,"href":"https:\/\/www.bibliotecadeseguranca.com.br\/fr\/wp-json\/wp\/v2\/users\/3"}],"replies":[{"embeddable":true,"href":"https:\/\/www.bibliotecadeseguranca.com.br\/fr\/wp-json\/wp\/v2\/comments?post=17225"}],"version-history":[{"count":1,"href":"https:\/\/www.bibliotecadeseguranca.com.br\/fr\/wp-json\/wp\/v2\/posts\/17225\/revisions"}],"predecessor-version":[{"id":17227,"href":"https:\/\/www.bibliotecadeseguranca.com.br\/fr\/wp-json\/wp\/v2\/posts\/17225\/revisions\/17227"}],"wp:featuredmedia":[{"embeddable":true,"href":"https:\/\/www.bibliotecadeseguranca.com.br\/fr\/wp-json\/wp\/v2\/media\/17226"}],"wp:attachment":[{"href":"https:\/\/www.bibliotecadeseguranca.com.br\/fr\/wp-json\/wp\/v2\/media?parent=17225"}],"wp:term":[{"taxonomy":"category","embeddable":true,"href":"https:\/\/www.bibliotecadeseguranca.com.br\/fr\/wp-json\/wp\/v2\/categories?post=17225"},{"taxonomy":"post_tag","embeddable":true,"href":"https:\/\/www.bibliotecadeseguranca.com.br\/fr\/wp-json\/wp\/v2\/tags?post=17225"}],"curies":[{"name":"wp","href":"https:\/\/api.w.org\/{rel}","templated":true}]}}