{"id":17218,"date":"2021-04-05T14:00:29","date_gmt":"2021-04-05T17:00:29","guid":{"rendered":"https:\/\/www.bibliotecadeseguranca.com.br\/fr\/?p=17218"},"modified":"2021-04-05T13:19:42","modified_gmt":"2021-04-05T16:19:42","slug":"implementando-a-gestao-de-riscos-no-setor-publico-2","status":"publish","type":"post","link":"https:\/\/www.bibliotecadeseguranca.com.br\/fr\/livros\/implementando-a-gestao-de-riscos-no-setor-publico-2\/","title":{"rendered":"Implementando a Gest\u00e3o de Riscos no setor p\u00fablico"},"content":{"rendered":"<p><span style=\"color: #003366;\"><strong><img loading=\"lazy\" decoding=\"async\" class=\"alignleft size-full wp-image-17219\" src=\"https:\/\/www.bibliotecadeseguranca.com.br\/fr\/wp-content\/uploads\/2021\/04\/implementando-a-gestao-de-riscos-no-setor-publico.jpg\" alt=\"Implementando a Gest\u00e3o de Riscos no setor p\u00fablico\" width=\"145\" height=\"205\" srcset=\"https:\/\/www.bibliotecadeseguranca.com.br\/fr\/wp-content\/uploads\/2021\/04\/implementando-a-gestao-de-riscos-no-setor-publico.jpg 145w, https:\/\/www.bibliotecadeseguranca.com.br\/fr\/wp-content\/uploads\/2021\/04\/implementando-a-gestao-de-riscos-no-setor-publico-106x150.jpg 106w\" sizes=\"auto, (max-width: 145px) 100vw, 145px\" \/>Enap &#8211; Escola Nacional de Administra\u00e7\u00e3o P\u00fablica<\/strong><\/span><\/p>\n<p><span style=\"color: #003366;\"><strong>R\u00e9sum\u00e9:<\/strong><\/span> Ol\u00e1! Seja bem-vinda(o) ao curso Implementando a Gest\u00e3o de Riscos no Setor P\u00fablico, concebido pelo Minist\u00e9rio do Planejamento, Desenvolvimento e Gest\u00e3o (MP) em parceria com a Enap em 2017 e adaptado, no mesmo ano, para ser ofertado na modalidade a dist\u00e2ncia.<br \/>\nO curso foi desenvolvido com foco na necessidade de implementa\u00e7\u00e3o da Metodologia de Gerenciamento de Riscos, no contexto do Modelo desenvolvido pelo MP (Pol\u00edtica, Inst\u00e2ncias de Supervis\u00e3o, Metodologia e Solu\u00e7\u00e3o Tecnol\u00f3gica). Esta metodologia tem por finalidade orientar a identifica\u00e7\u00e3o, a avalia\u00e7\u00e3o e a ado\u00e7\u00e3o de respostas aos eventos de riscos dos processos da unidade, bem como instruir sobre o monitoramento e reporte.<br \/>\nA incerteza ou o risco \u00e9 inerente a praticamente todas as atividades humanas. No mundo corporativo onde as empresas est\u00e3o expostas a uma mir\u00edade de incertezas originadas de fatores econ\u00f4micos, sociais, legais, tecnol\u00f3gicos e operacionais, a gest\u00e3o de integridade, riscos e controles internos \u00e9 crucial para que se alcancem os objetivos estrat\u00e9gicos.<br \/>\nAlgumas das fun\u00e7\u00f5es da gest\u00e3o de riscos s\u00e3o assegurar o alcance dos objetivos, por meio da identifica\u00e7\u00e3o antecipada dos poss\u00edveis eventos que poderiam amea\u00e7ar o atingimento dos objetivos, o cumprimento de prazos, leis e regulamentos etc., implementar uma estrat\u00e9gia evitando o consumo intenso de recursos para solu\u00e7\u00e3o de problemas quando esses surgem inesperadamente, bem como melhorar continuamente os processos organizacionais.<br \/>\nNo ambiente de trabalho, muitas vezes as organiza\u00e7\u00f5es se deparam com fatores internos e externos que tornam incerto o \u00eaxito do atingimento dos objetivos do projeto ou da atividade que se encontra em desenvolvimento. Independentemente da \u00e1rea em que se atua, e at\u00e9 na vida pessoal, os riscos podem afetar o andamento da a\u00e7\u00e3o, levando-a a uma dire\u00e7\u00e3o completamente diferente daquela inicialmente planejada.<\/p>\n<p><img loading=\"lazy\" decoding=\"async\" class=\"alignleft size-full wp-image-12143\" src=\"https:\/\/www.bibliotecadeseguranca.com.br\/fr\/wp-content\/uploads\/2015\/03\/download_fr.gif\" alt=\"T\u00e9l\u00e9charger\" width=\"107\" height=\"25\" \/><\/p>\n","protected":false},"excerpt":{"rendered":"<p>Enap &#8211; Escola Nacional de Administra\u00e7\u00e3o P\u00fablica R\u00e9sum\u00e9: Ol\u00e1! Seja bem-vinda(o) ao curso Implementando a Gest\u00e3o de Riscos no Setor P\u00fablico, concebido pelo Minist\u00e9rio do Planejamento, Desenvolvimento e Gest\u00e3o (MP) em parceria com a Enap em 2017 e adaptado, no mesmo ano, para ser ofertado na modalidade a dist\u00e2ncia. O curso foi desenvolvido com foco na necessidade de implementa\u00e7\u00e3o da Metodologia de Gerenciamento de Riscos, no contexto do Modelo desenvolvido&hellip; <\/p>\n","protected":false},"author":3,"featured_media":17219,"comment_status":"open","ping_status":"closed","sticky":false,"template":"","format":"standard","meta":{"footnotes":""},"categories":[6,19,112],"tags":[],"class_list":["post-17218","post","type-post","status-publish","format-standard","has-post-thumbnail","hentry","category-livros","category-risco-e-perdas","category-download"],"views":322,"_links":{"self":[{"href":"https:\/\/www.bibliotecadeseguranca.com.br\/fr\/wp-json\/wp\/v2\/posts\/17218","targetHints":{"allow":["GET"]}}],"collection":[{"href":"https:\/\/www.bibliotecadeseguranca.com.br\/fr\/wp-json\/wp\/v2\/posts"}],"about":[{"href":"https:\/\/www.bibliotecadeseguranca.com.br\/fr\/wp-json\/wp\/v2\/types\/post"}],"author":[{"embeddable":true,"href":"https:\/\/www.bibliotecadeseguranca.com.br\/fr\/wp-json\/wp\/v2\/users\/3"}],"replies":[{"embeddable":true,"href":"https:\/\/www.bibliotecadeseguranca.com.br\/fr\/wp-json\/wp\/v2\/comments?post=17218"}],"version-history":[{"count":1,"href":"https:\/\/www.bibliotecadeseguranca.com.br\/fr\/wp-json\/wp\/v2\/posts\/17218\/revisions"}],"predecessor-version":[{"id":17220,"href":"https:\/\/www.bibliotecadeseguranca.com.br\/fr\/wp-json\/wp\/v2\/posts\/17218\/revisions\/17220"}],"wp:featuredmedia":[{"embeddable":true,"href":"https:\/\/www.bibliotecadeseguranca.com.br\/fr\/wp-json\/wp\/v2\/media\/17219"}],"wp:attachment":[{"href":"https:\/\/www.bibliotecadeseguranca.com.br\/fr\/wp-json\/wp\/v2\/media?parent=17218"}],"wp:term":[{"taxonomy":"category","embeddable":true,"href":"https:\/\/www.bibliotecadeseguranca.com.br\/fr\/wp-json\/wp\/v2\/categories?post=17218"},{"taxonomy":"post_tag","embeddable":true,"href":"https:\/\/www.bibliotecadeseguranca.com.br\/fr\/wp-json\/wp\/v2\/tags?post=17218"}],"curies":[{"name":"wp","href":"https:\/\/api.w.org\/{rel}","templated":true}]}}