{"id":17151,"date":"2021-03-08T14:00:14","date_gmt":"2021-03-08T17:00:14","guid":{"rendered":"https:\/\/www.bibliotecadeseguranca.com.br\/fr\/?p=17151"},"modified":"2021-03-08T13:20:58","modified_gmt":"2021-03-08T16:20:58","slug":"marco-regulatorio-das-guardas-municipais","status":"publish","type":"post","link":"https:\/\/www.bibliotecadeseguranca.com.br\/fr\/livros\/marco-regulatorio-das-guardas-municipais\/","title":{"rendered":"Marco Regulat\u00f3rio das Guardas Municipais"},"content":{"rendered":"<p><span style=\"color: #003366;\"><strong><img loading=\"lazy\" decoding=\"async\" class=\"alignleft size-full wp-image-17152\" src=\"https:\/\/www.bibliotecadeseguranca.com.br\/fr\/wp-content\/uploads\/2021\/03\/marco-regulatorio-das-guardas-municipais.jpg\" alt=\"Marco Regulat\u00f3rio das Guardas Municipais\" width=\"145\" height=\"205\" srcset=\"https:\/\/www.bibliotecadeseguranca.com.br\/fr\/wp-content\/uploads\/2021\/03\/marco-regulatorio-das-guardas-municipais.jpg 145w, https:\/\/www.bibliotecadeseguranca.com.br\/fr\/wp-content\/uploads\/2021\/03\/marco-regulatorio-das-guardas-municipais-106x150.jpg 106w\" sizes=\"auto, (max-width: 145px) 100vw, 145px\" \/>Minist\u00e9rio da Justi\u00e7a e Cidadania &#8211; Brasil<\/strong><\/span><\/p>\n<p><span style=\"color: #003366;\"><strong>R\u00e9sum\u00e9:<\/strong><\/span> A Secretaria Nacional de Seguran\u00e7a P\u00fablica do Minist\u00e9rio da Justi\u00e7a (SENASP\/MJ), tem investido na qualifica\u00e7\u00e3o e no aperfei\u00e7oamento da capacidade institucional de gest\u00e3o das Guardas Municipais no pa\u00eds. Tal esfor\u00e7o restou materializado na aprova\u00e7\u00e3o e san\u00e7\u00e3o da Lei n.\u00ba 13.022, de 8 de agosto de 2014, que disp\u00f5e sobre o novel Estatuto Geral das Guardas Municipais, regulando, ato cont\u00ednuo, o disposto no \u00a78\u00ba do art. 144, da Constitui\u00e7\u00e3o Federal de 1988.<br \/>\nA referida Lei confere \u00e0s Guardas Municipais a fun\u00e7\u00e3o de prote\u00e7\u00e3o municipal preventiva, ressalvadas as compet\u00eancias da Uni\u00e3o, dos Estados e do Distrito Federal nesse mister, observando, no todo ou em parte, os seguintes princ\u00edpios balizadores da sua atua\u00e7\u00e3o, a saber: prote\u00e7\u00e3o dos direitos humanos fundamentais, do exerc\u00edcio da cidadania e das liberdades p\u00fablicas; preserva\u00e7\u00e3o da vida, redu\u00e7\u00e3o do sofrimento e diminui\u00e7\u00e3o das perdas; patrulhamento preventivo; compromisso com a evolu\u00e7\u00e3o social da comunidade e, ainda, uso progressivo da for\u00e7a.<br \/>\nPor ser o marco referencial legal e hist\u00f3rico das corpora\u00e7\u00f5es municipais que crescem em quantidade consider\u00e1vel pelos munic\u00edpios do pa\u00eds, entendemos ser de suma valia a publica\u00e7\u00e3o de um produto voltado especificamente para balizar seus ditames.<br \/>\nEsta cartilha pretende tornar-se um instrumento de consulta e divulga\u00e7\u00e3o para as quase mil institui\u00e7\u00f5es existentes hoje e tamb\u00e9m para aqueles munic\u00edpios que eventualmente intencionem em constituir sua Guarda Municipal, atrav\u00e9s de um material com conte\u00fado orientador direto e objetivo.<br \/>\nDadas as especificidades e peculiaridades das Guardas Municipais, acreditamos que uma melhor delimita\u00e7\u00e3o do seu escopo de atua\u00e7\u00e3o tenha o cond\u00e3o de contribuir para o delineamento das pol\u00edticas municipais de seguran\u00e7a p\u00fablica de forma mais ampla e afastar eventuais conflitos de compet\u00eancia e atua\u00e7\u00e3o com outras institui\u00e7\u00f5es de seguran\u00e7a p\u00fablica.<\/p>\n<p><a href=\"https:\/\/www.bibliotecadeseguranca.com.br\/wp-content\/uploads\/2021\/03\/marco-regulatorio-das-guardas-municipais.pdf\" target=\"_blank\" rel=\"noopener\"><img loading=\"lazy\" decoding=\"async\" class=\"alignleft wp-image-12143 size-full\" src=\"https:\/\/www.bibliotecadeseguranca.com.br\/fr\/wp-content\/uploads\/2015\/03\/download_fr.gif\" alt=\"T\u00e9l\u00e9charger\" width=\"107\" height=\"25\" \/><\/a><\/p>\n","protected":false},"excerpt":{"rendered":"<p>Minist\u00e9rio da Justi\u00e7a e Cidadania &#8211; Brasil R\u00e9sum\u00e9: A Secretaria Nacional de Seguran\u00e7a P\u00fablica do Minist\u00e9rio da Justi\u00e7a (SENASP\/MJ), tem investido na qualifica\u00e7\u00e3o e no aperfei\u00e7oamento da capacidade institucional de gest\u00e3o das Guardas Municipais no pa\u00eds. Tal esfor\u00e7o restou materializado na aprova\u00e7\u00e3o e san\u00e7\u00e3o da Lei n.\u00ba 13.022, de 8 de agosto de 2014, que disp\u00f5e sobre o novel Estatuto Geral das Guardas Municipais, regulando, ato cont\u00ednuo, o disposto no&hellip; <\/p>\n","protected":false},"author":3,"featured_media":17152,"comment_status":"open","ping_status":"closed","sticky":false,"template":"","format":"standard","meta":{"footnotes":""},"categories":[6,25],"tags":[],"class_list":["post-17151","post","type-post","status-publish","format-standard","has-post-thumbnail","hentry","category-livros","category-seguranca-publica-e-defesa"],"views":97,"_links":{"self":[{"href":"https:\/\/www.bibliotecadeseguranca.com.br\/fr\/wp-json\/wp\/v2\/posts\/17151","targetHints":{"allow":["GET"]}}],"collection":[{"href":"https:\/\/www.bibliotecadeseguranca.com.br\/fr\/wp-json\/wp\/v2\/posts"}],"about":[{"href":"https:\/\/www.bibliotecadeseguranca.com.br\/fr\/wp-json\/wp\/v2\/types\/post"}],"author":[{"embeddable":true,"href":"https:\/\/www.bibliotecadeseguranca.com.br\/fr\/wp-json\/wp\/v2\/users\/3"}],"replies":[{"embeddable":true,"href":"https:\/\/www.bibliotecadeseguranca.com.br\/fr\/wp-json\/wp\/v2\/comments?post=17151"}],"version-history":[{"count":1,"href":"https:\/\/www.bibliotecadeseguranca.com.br\/fr\/wp-json\/wp\/v2\/posts\/17151\/revisions"}],"predecessor-version":[{"id":17153,"href":"https:\/\/www.bibliotecadeseguranca.com.br\/fr\/wp-json\/wp\/v2\/posts\/17151\/revisions\/17153"}],"wp:featuredmedia":[{"embeddable":true,"href":"https:\/\/www.bibliotecadeseguranca.com.br\/fr\/wp-json\/wp\/v2\/media\/17152"}],"wp:attachment":[{"href":"https:\/\/www.bibliotecadeseguranca.com.br\/fr\/wp-json\/wp\/v2\/media?parent=17151"}],"wp:term":[{"taxonomy":"category","embeddable":true,"href":"https:\/\/www.bibliotecadeseguranca.com.br\/fr\/wp-json\/wp\/v2\/categories?post=17151"},{"taxonomy":"post_tag","embeddable":true,"href":"https:\/\/www.bibliotecadeseguranca.com.br\/fr\/wp-json\/wp\/v2\/tags?post=17151"}],"curies":[{"name":"wp","href":"https:\/\/api.w.org\/{rel}","templated":true}]}}