{"id":17102,"date":"2021-02-15T14:00:43","date_gmt":"2021-02-15T17:00:43","guid":{"rendered":"https:\/\/www.bibliotecadeseguranca.com.br\/fr\/?p=17102"},"modified":"2021-02-15T12:03:18","modified_gmt":"2021-02-15T15:03:18","slug":"plano-e-politica-nacional-de-seguranca-publica-e-defesa-social","status":"publish","type":"post","link":"https:\/\/www.bibliotecadeseguranca.com.br\/fr\/livros\/plano-e-politica-nacional-de-seguranca-publica-e-defesa-social\/","title":{"rendered":"Plano e Pol\u00edtica Nacional de Seguran\u00e7a P\u00fablica e Defesa Social"},"content":{"rendered":"<p><span style=\"color: #003366;\"><strong><img loading=\"lazy\" decoding=\"async\" class=\"alignleft size-full wp-image-17103\" src=\"https:\/\/www.bibliotecadeseguranca.com.br\/fr\/wp-content\/uploads\/2021\/02\/plano-e-politica-nacional-de-seguranca-publica-e-defesa-social.jpg\" alt=\"Plano e Pol\u00edtica Nacional de Seguran\u00e7a P\u00fablica e Defesa Social\" width=\"145\" height=\"205\" srcset=\"https:\/\/www.bibliotecadeseguranca.com.br\/fr\/wp-content\/uploads\/2021\/02\/plano-e-politica-nacional-de-seguranca-publica-e-defesa-social.jpg 145w, https:\/\/www.bibliotecadeseguranca.com.br\/fr\/wp-content\/uploads\/2021\/02\/plano-e-politica-nacional-de-seguranca-publica-e-defesa-social-106x150.jpg 106w\" sizes=\"auto, (max-width: 145px) 100vw, 145px\" \/>Governo Federal &#8211; Minist\u00e9rio da Seguran\u00e7a P\u00fablica<\/strong><\/span><\/p>\n<p><span style=\"color: #003366;\"><strong>R\u00e9sum\u00e9:<\/strong><\/span> A Pol\u00edtica Nacional de Seguran\u00e7a P\u00fablica que ora se inicia com a implanta\u00e7\u00e3o do Sistema \u00danico de Seguran\u00e7a P\u00fablica (Susp), para ser submetida \u00e0 sociedade e aos \u00f3rg\u00e3os envolvidos na sua implementa\u00e7\u00e3o, nasce para se consolidar como instrumento de Estado.<br \/>\nAprovado pelo Congresso Nacional depois de anos de estudo, o Susp \u00e9 um primeiro e largo passo para o resgate do imenso passivo que o pa\u00eds construiu por mais de um s\u00e9culo na seguran\u00e7a p\u00fablica.<br \/>\nSem atribui\u00e7\u00f5es constitucionais em todas as nossas Cartas \u2013 desde a primeira, em 1824, at\u00e9 a mais recente, em 1988 \u2013, o governo central jamais teve mandato e recursos compat\u00edveis com a dimens\u00e3o das necessidades da seguran\u00e7a p\u00fablica, do que \u00e9 reflexo a conta imposta aos estados, que arcaram em 2016 com 85% dos gastos na \u00e1rea, em contraste com 9% do governo federal.<br \/>\nPremidos por sucessivas crises fiscais ao longo das \u00faltimas d\u00e9cadas, os entes federativos viram diminuir sua capacidade de enfrentar o crescimento do crime organizado, que, ao inverso, sofisticou-se at\u00e9 tornar-se um ator global com presen\u00e7a dentro e fora do territ\u00f3rio nacional.<br \/>\nNossas extensas fronteiras com 10 pa\u00edses incluem quatro produtores mundiais de drogas, que t\u00eam no Brasil o segundo mercado consumidor mundial.<br \/>\nO crime organizado tornou-se assim um flagelo insuport\u00e1vel para toda a sociedade.<br \/>\nA decis\u00e3o do governo Temer de criar um minist\u00e9rio dedicado exclusivamente \u00e0 seguran\u00e7a p\u00fablica busca construir governan\u00e7a nesse campo, que passar\u00e1 a ter estrutura e meios para enfrentar o crime organizado, at\u00e9 aqui benefici\u00e1rio de uma a\u00e7\u00e3o fragmentada desenvolvida pelos estados e residualmente pelos munic\u00edpios.<\/p>\n<p><a href=\"https:\/\/www.bibliotecadeseguranca.com.br\/wp-content\/uploads\/2021\/02\/plano-e-politica-nacional-de-seguranca-publica-e-defesa-social.pdf\" target=\"_blank\" rel=\"noopener\"><img loading=\"lazy\" decoding=\"async\" class=\"alignleft wp-image-12143 size-full\" src=\"https:\/\/www.bibliotecadeseguranca.com.br\/fr\/wp-content\/uploads\/2015\/03\/download_fr.gif\" alt=\"T\u00e9l\u00e9charger\" width=\"107\" height=\"25\" \/><\/a><\/p>\n","protected":false},"excerpt":{"rendered":"<p>Governo Federal &#8211; Minist\u00e9rio da Seguran\u00e7a P\u00fablica R\u00e9sum\u00e9: A Pol\u00edtica Nacional de Seguran\u00e7a P\u00fablica que ora se inicia com a implanta\u00e7\u00e3o do Sistema \u00danico de Seguran\u00e7a P\u00fablica (Susp), para ser submetida \u00e0 sociedade e aos \u00f3rg\u00e3os envolvidos na sua implementa\u00e7\u00e3o, nasce para se consolidar como instrumento de Estado. Aprovado pelo Congresso Nacional depois de anos de estudo, o Susp \u00e9 um primeiro e largo passo para o resgate do imenso&hellip; <\/p>\n","protected":false},"author":3,"featured_media":17103,"comment_status":"open","ping_status":"closed","sticky":false,"template":"","format":"standard","meta":{"footnotes":""},"categories":[6,25,112],"tags":[],"class_list":["post-17102","post","type-post","status-publish","format-standard","has-post-thumbnail","hentry","category-livros","category-seguranca-publica-e-defesa","category-download"],"views":270,"_links":{"self":[{"href":"https:\/\/www.bibliotecadeseguranca.com.br\/fr\/wp-json\/wp\/v2\/posts\/17102","targetHints":{"allow":["GET"]}}],"collection":[{"href":"https:\/\/www.bibliotecadeseguranca.com.br\/fr\/wp-json\/wp\/v2\/posts"}],"about":[{"href":"https:\/\/www.bibliotecadeseguranca.com.br\/fr\/wp-json\/wp\/v2\/types\/post"}],"author":[{"embeddable":true,"href":"https:\/\/www.bibliotecadeseguranca.com.br\/fr\/wp-json\/wp\/v2\/users\/3"}],"replies":[{"embeddable":true,"href":"https:\/\/www.bibliotecadeseguranca.com.br\/fr\/wp-json\/wp\/v2\/comments?post=17102"}],"version-history":[{"count":1,"href":"https:\/\/www.bibliotecadeseguranca.com.br\/fr\/wp-json\/wp\/v2\/posts\/17102\/revisions"}],"predecessor-version":[{"id":17104,"href":"https:\/\/www.bibliotecadeseguranca.com.br\/fr\/wp-json\/wp\/v2\/posts\/17102\/revisions\/17104"}],"wp:featuredmedia":[{"embeddable":true,"href":"https:\/\/www.bibliotecadeseguranca.com.br\/fr\/wp-json\/wp\/v2\/media\/17103"}],"wp:attachment":[{"href":"https:\/\/www.bibliotecadeseguranca.com.br\/fr\/wp-json\/wp\/v2\/media?parent=17102"}],"wp:term":[{"taxonomy":"category","embeddable":true,"href":"https:\/\/www.bibliotecadeseguranca.com.br\/fr\/wp-json\/wp\/v2\/categories?post=17102"},{"taxonomy":"post_tag","embeddable":true,"href":"https:\/\/www.bibliotecadeseguranca.com.br\/fr\/wp-json\/wp\/v2\/tags?post=17102"}],"curies":[{"name":"wp","href":"https:\/\/api.w.org\/{rel}","templated":true}]}}