{"id":17051,"date":"2021-01-25T14:00:37","date_gmt":"2021-01-25T17:00:37","guid":{"rendered":"https:\/\/www.bibliotecadeseguranca.com.br\/fr\/?p=17051"},"modified":"2021-01-25T12:34:48","modified_gmt":"2021-01-25T15:34:48","slug":"revisao-da-capacidade-de-ciberseguranca","status":"publish","type":"post","link":"https:\/\/www.bibliotecadeseguranca.com.br\/fr\/livros\/revisao-da-capacidade-de-ciberseguranca\/","title":{"rendered":"Revis\u00e3o da Capacidade de Ciberseguran\u00e7a"},"content":{"rendered":"<p><span style=\"color: #003366;\"><strong><img loading=\"lazy\" decoding=\"async\" class=\"alignleft size-full wp-image-17052\" src=\"https:\/\/www.bibliotecadeseguranca.com.br\/fr\/wp-content\/uploads\/2021\/01\/revisao-da-capacidade-de-ciberseguranca.jpg\" alt=\"Revis\u00e3o da Capacidade de Ciberseguran\u00e7a\" width=\"161\" height=\"209\" srcset=\"https:\/\/www.bibliotecadeseguranca.com.br\/fr\/wp-content\/uploads\/2021\/01\/revisao-da-capacidade-de-ciberseguranca.jpg 161w, https:\/\/www.bibliotecadeseguranca.com.br\/fr\/wp-content\/uploads\/2021\/01\/revisao-da-capacidade-de-ciberseguranca-116x150.jpg 116w\" sizes=\"auto, (max-width: 161px) 100vw, 161px\" \/>Rep\u00fablica Federativa do Brasil<\/strong><\/span><\/p>\n<p><span style=\"color: #003366;\"><strong>R\u00e9sum\u00e9:<\/strong><\/span> O Centro Global de Capacidade de Seguran\u00e7a Cibern\u00e9tica (GCSCC ou \u201c Centro\u201d) procedeu a uma an\u00e1lise da maturidade da capacidade de seguran\u00e7a cibern\u00e9tica no Brasil, a convite da Secretaria do Comit\u00ea Interamericano contra o Terrorismo (CICTE), com o qual estabeleceu coopera\u00e7\u00e3o, por interm\u00e9dio de seu programa de seguran\u00e7a cibern\u00e9tica, da Organiza\u00e7\u00e3o dos Estados Americanos (OEA). O objetivo dessa an\u00e1lise era levar o Governo a entender sua capacidade de seguran\u00e7a cibern\u00e9tica, com o intuito de priorizar estrategicamente o investimento em capacidade de seguran\u00e7a cibern\u00e9tica.<\/p>\n<p>Em 19 e 20 de mar\u00e7o de 2018, as seguintes partes interessadas participaram de mesas-redondas de consulta: justi\u00e7a criminal, cumprimento da lei, comunidade de defesa, funcion\u00e1rios de tecnologia da informa\u00e7\u00e3o e representantes de entidades do setor p\u00fablico, propriet\u00e1rios de infraestrutura cr\u00edtica, formuladores de pol\u00edticas, equipes de resposta a emerg\u00eancias inform\u00e1ticas, funcion\u00e1rios de tecnologia da informa\u00e7\u00e3o do setor privado (incluindo institui\u00e7\u00f5es financeiras), empresas de telecomunica\u00e7\u00f5es, o setor banc\u00e1rio e parceiros internacionais.<\/p>\n<p>Os pesquisadores do GCSCC visitaram Bras\u00edlia novamente, um ano depois, para validar os resultados de 2018 e para atualizar adequadamente o projeto de relat\u00f3rio de an\u00e1lise da capacidade de seguran\u00e7a cibern\u00e9tica. A metodologia de coleta de dados, utilizada em mar\u00e7o de 2019, foi semelhante \u00e0 metodologia utilizada no ano anterior. As partes interessadas que participaram das entrevistas do grupo de discuss\u00e3o inclu\u00edram representantes do setor acad\u00eamico, operadores da infraestrutura cr\u00edtica nacional, fornecedores de servi\u00e7os de telecomunica\u00e7\u00f5es e outras entidades do setor privado, minist\u00e9rios do governo, o Poder Judici\u00e1rio, encarregados do cumprimento da lei, a comunidade de defesa, o setor financeiro, equipes de resposta a emerg\u00eancias inform\u00e1ticas (CERTs), a m\u00eddia, o setor privado e a sociedade civil.<\/p>\n<p><a href=\"https:\/\/www.bibliotecadeseguranca.com.br\/wp-content\/uploads\/2021\/01\/revisao-da-capacidade-de-ciberseguranca.pdf\" target=\"_blank\" rel=\"noopener\"><img loading=\"lazy\" decoding=\"async\" class=\"alignleft wp-image-12143 size-full\" src=\"https:\/\/www.bibliotecadeseguranca.com.br\/fr\/wp-content\/uploads\/2015\/03\/download_fr.gif\" alt=\"T\u00e9l\u00e9charger\" width=\"107\" height=\"25\" \/><\/a><\/p>\n","protected":false},"excerpt":{"rendered":"<p>Rep\u00fablica Federativa do Brasil R\u00e9sum\u00e9: O Centro Global de Capacidade de Seguran\u00e7a Cibern\u00e9tica (GCSCC ou \u201c Centro\u201d) procedeu a uma an\u00e1lise da maturidade da capacidade de seguran\u00e7a cibern\u00e9tica no Brasil, a convite da Secretaria do Comit\u00ea Interamericano contra o Terrorismo (CICTE), com o qual estabeleceu coopera\u00e7\u00e3o, por interm\u00e9dio de seu programa de seguran\u00e7a cibern\u00e9tica, da Organiza\u00e7\u00e3o dos Estados Americanos (OEA). O objetivo dessa an\u00e1lise era levar o Governo a entender&hellip; <\/p>\n","protected":false},"author":3,"featured_media":17052,"comment_status":"open","ping_status":"closed","sticky":false,"template":"","format":"standard","meta":{"footnotes":""},"categories":[6,20,25,112],"tags":[],"class_list":["post-17051","post","type-post","status-publish","format-standard","has-post-thumbnail","hentry","category-livros","category-seguranca-da-informacao","category-seguranca-publica-e-defesa","category-download"],"views":106,"_links":{"self":[{"href":"https:\/\/www.bibliotecadeseguranca.com.br\/fr\/wp-json\/wp\/v2\/posts\/17051","targetHints":{"allow":["GET"]}}],"collection":[{"href":"https:\/\/www.bibliotecadeseguranca.com.br\/fr\/wp-json\/wp\/v2\/posts"}],"about":[{"href":"https:\/\/www.bibliotecadeseguranca.com.br\/fr\/wp-json\/wp\/v2\/types\/post"}],"author":[{"embeddable":true,"href":"https:\/\/www.bibliotecadeseguranca.com.br\/fr\/wp-json\/wp\/v2\/users\/3"}],"replies":[{"embeddable":true,"href":"https:\/\/www.bibliotecadeseguranca.com.br\/fr\/wp-json\/wp\/v2\/comments?post=17051"}],"version-history":[{"count":1,"href":"https:\/\/www.bibliotecadeseguranca.com.br\/fr\/wp-json\/wp\/v2\/posts\/17051\/revisions"}],"predecessor-version":[{"id":17053,"href":"https:\/\/www.bibliotecadeseguranca.com.br\/fr\/wp-json\/wp\/v2\/posts\/17051\/revisions\/17053"}],"wp:featuredmedia":[{"embeddable":true,"href":"https:\/\/www.bibliotecadeseguranca.com.br\/fr\/wp-json\/wp\/v2\/media\/17052"}],"wp:attachment":[{"href":"https:\/\/www.bibliotecadeseguranca.com.br\/fr\/wp-json\/wp\/v2\/media?parent=17051"}],"wp:term":[{"taxonomy":"category","embeddable":true,"href":"https:\/\/www.bibliotecadeseguranca.com.br\/fr\/wp-json\/wp\/v2\/categories?post=17051"},{"taxonomy":"post_tag","embeddable":true,"href":"https:\/\/www.bibliotecadeseguranca.com.br\/fr\/wp-json\/wp\/v2\/tags?post=17051"}],"curies":[{"name":"wp","href":"https:\/\/api.w.org\/{rel}","templated":true}]}}