{"id":16988,"date":"2020-12-22T14:00:17","date_gmt":"2020-12-22T17:00:17","guid":{"rendered":"https:\/\/www.bibliotecadeseguranca.com.br\/fr\/?p=16988"},"modified":"2020-12-22T12:29:39","modified_gmt":"2020-12-22T15:29:39","slug":"enfoques-y-gestion-en-seguridad-integral","status":"publish","type":"post","link":"https:\/\/www.bibliotecadeseguranca.com.br\/fr\/livros\/enfoques-y-gestion-en-seguridad-integral\/","title":{"rendered":"Enfoques y Gesti\u00f3n en Seguridad Integral"},"content":{"rendered":"<p><span style=\"color: #003366;\"><strong><img loading=\"lazy\" decoding=\"async\" class=\"alignleft size-full wp-image-16989\" src=\"https:\/\/www.bibliotecadeseguranca.com.br\/fr\/wp-content\/uploads\/2020\/12\/enfoques-y-gestion-en-seguridad-integral.jpg\" alt=\"Enfoques y Gesti\u00f3n en Seguridad Integral\" width=\"145\" height=\"205\" srcset=\"https:\/\/www.bibliotecadeseguranca.com.br\/fr\/wp-content\/uploads\/2020\/12\/enfoques-y-gestion-en-seguridad-integral.jpg 145w, https:\/\/www.bibliotecadeseguranca.com.br\/fr\/wp-content\/uploads\/2020\/12\/enfoques-y-gestion-en-seguridad-integral-106x150.jpg 106w\" sizes=\"auto, (max-width: 145px) 100vw, 145px\" \/>Yuber Rico Venegas, David Enrique L\u00f3pez Cort\u00e9s, Alejandra Cer\u00f3n Rinc\u00f3n<\/strong><\/span><\/p>\n<p><span style=\"color: #003366;\"><strong>Escuela de Postgrados de la Fuerza A\u00e9rea Colombiana<\/strong><\/span><\/p>\n<p><span style=\"color: #003366;\"><strong>R\u00e9sum\u00e9:<\/strong><\/span> En Colombia, los desaf\u00edos en materia de seguridad han promovido un cambio en la interpretaci\u00f3n del problema, as\u00ed como la implementaci\u00f3n y gesti\u00f3n de planes pol\u00edticos. Esto ha suscitado, a su vez, el inter\u00e9s de las agremiaciones de profesionales del sector por alcanzar altos niveles de conocimiento y capacitaci\u00f3n para responder preventivamente a las nuevas amenazas que el contexto actual plantea.<br \/>\nLas instituciones que ofrecen programas de formaci\u00f3n en seguridad, especialmente las de educaci\u00f3n superior, comienzan a plantearse retos de investigaci\u00f3n y formaci\u00f3n enfocados en competencias que le permitan a la comunidad de la seguridad construir di\u00e1logos y decisiones acordes con las exigencias de los campos p\u00fablico y privado.<br \/>\nDe esta forma, se muestra el inter\u00e9s, tanto de las agremiaciones de profesionales como de los centros educativos, en construir est\u00e1ndares de calidad educativa basados en la innovaci\u00f3n y la generaci\u00f3n de conocimiento especializado para el sector de la seguridad.<br \/>\nEn consecuencia, esta publicaci\u00f3n de la Maestr\u00eda en Gesti\u00f3n y Direcci\u00f3n de la Seguridad Integral (madgsi) de la Escuela de Postgrados de la Fuerza A\u00e9rea Colombiana (epfac) reporta resultados de investigaci\u00f3n basados en dos dimensiones de an\u00e1lisis. La primera se refiere a algunos de los fundamentos conceptuales y metodol\u00f3gicos para la interpretaci\u00f3n del dilema de la seguridad. En el pensamiento de la filosof\u00eda pol\u00edtica y de las distintas ciencias sociales se halla la configuraci\u00f3n de un debate central sobre las aproximaciones a la noci\u00f3n de seguridad. Los distintos paradigmas de las ciencias sociales presentan, por una parte, las visiones cl\u00e1sicas, orientadas a la reflexi\u00f3n central respecto al rol del Estado en los diferentes contextos de la seguridad; por otra parte, presentan las visiones contempor\u00e1neas que tienen en cuenta distintos niveles de influencia y de participaci\u00f3n de actores tanto gubernamentales como civiles y del sector privado, los cuales conforman redes complejas de relaciones e intereses.<\/p>\n<p><a href=\"https:\/\/www.bibliotecadeseguranca.com.br\/wp-content\/uploads\/2020\/12\/enfoques-y-gestion-en-seguridad-integral.pdf\" target=\"_blank\" rel=\"noopener\"><img loading=\"lazy\" decoding=\"async\" class=\"alignleft wp-image-12143 size-full\" src=\"https:\/\/www.bibliotecadeseguranca.com.br\/fr\/wp-content\/uploads\/2015\/03\/download_fr.gif\" alt=\"T\u00e9l\u00e9charger\" width=\"107\" height=\"25\" \/><\/a><\/p>\n","protected":false},"excerpt":{"rendered":"<p>Yuber Rico Venegas, David Enrique L\u00f3pez Cort\u00e9s, Alejandra Cer\u00f3n Rinc\u00f3n Escuela de Postgrados de la Fuerza A\u00e9rea Colombiana R\u00e9sum\u00e9: En Colombia, los desaf\u00edos en materia de seguridad han promovido un cambio en la interpretaci\u00f3n del problema, as\u00ed como la implementaci\u00f3n y gesti\u00f3n de planes pol\u00edticos. Esto ha suscitado, a su vez, el inter\u00e9s de las agremiaciones de profesionales del sector por alcanzar altos niveles de conocimiento y capacitaci\u00f3n para responder&hellip; <\/p>\n","protected":false},"author":3,"featured_media":16989,"comment_status":"open","ping_status":"closed","sticky":false,"template":"","format":"standard","meta":{"footnotes":""},"categories":[81,6,25,112],"tags":[],"class_list":["post-16988","post","type-post","status-publish","format-standard","has-post-thumbnail","hentry","category-espanol","category-livros","category-seguranca-publica-e-defesa","category-download"],"views":91,"_links":{"self":[{"href":"https:\/\/www.bibliotecadeseguranca.com.br\/fr\/wp-json\/wp\/v2\/posts\/16988","targetHints":{"allow":["GET"]}}],"collection":[{"href":"https:\/\/www.bibliotecadeseguranca.com.br\/fr\/wp-json\/wp\/v2\/posts"}],"about":[{"href":"https:\/\/www.bibliotecadeseguranca.com.br\/fr\/wp-json\/wp\/v2\/types\/post"}],"author":[{"embeddable":true,"href":"https:\/\/www.bibliotecadeseguranca.com.br\/fr\/wp-json\/wp\/v2\/users\/3"}],"replies":[{"embeddable":true,"href":"https:\/\/www.bibliotecadeseguranca.com.br\/fr\/wp-json\/wp\/v2\/comments?post=16988"}],"version-history":[{"count":1,"href":"https:\/\/www.bibliotecadeseguranca.com.br\/fr\/wp-json\/wp\/v2\/posts\/16988\/revisions"}],"predecessor-version":[{"id":16990,"href":"https:\/\/www.bibliotecadeseguranca.com.br\/fr\/wp-json\/wp\/v2\/posts\/16988\/revisions\/16990"}],"wp:featuredmedia":[{"embeddable":true,"href":"https:\/\/www.bibliotecadeseguranca.com.br\/fr\/wp-json\/wp\/v2\/media\/16989"}],"wp:attachment":[{"href":"https:\/\/www.bibliotecadeseguranca.com.br\/fr\/wp-json\/wp\/v2\/media?parent=16988"}],"wp:term":[{"taxonomy":"category","embeddable":true,"href":"https:\/\/www.bibliotecadeseguranca.com.br\/fr\/wp-json\/wp\/v2\/categories?post=16988"},{"taxonomy":"post_tag","embeddable":true,"href":"https:\/\/www.bibliotecadeseguranca.com.br\/fr\/wp-json\/wp\/v2\/tags?post=16988"}],"curies":[{"name":"wp","href":"https:\/\/api.w.org\/{rel}","templated":true}]}}