{"id":16937,"date":"2020-11-30T14:00:44","date_gmt":"2020-11-30T17:00:44","guid":{"rendered":"https:\/\/www.bibliotecadeseguranca.com.br\/fr\/?p=16937"},"modified":"2020-11-30T12:45:05","modified_gmt":"2020-11-30T15:45:05","slug":"seguranca-publica-nas-fronteiras","status":"publish","type":"post","link":"https:\/\/www.bibliotecadeseguranca.com.br\/fr\/livros\/seguranca-publica-nas-fronteiras\/","title":{"rendered":"Seguran\u00e7a P\u00fablica nas Fronteiras"},"content":{"rendered":"<p><span style=\"color: #003366;\"><strong><img loading=\"lazy\" decoding=\"async\" class=\"alignleft size-full wp-image-16938\" src=\"https:\/\/www.bibliotecadeseguranca.com.br\/fr\/wp-content\/uploads\/2020\/11\/seguranca-publica-nas-fronteiras.jpg\" alt=\"Seguran\u00e7a P\u00fablica nas Fronteiras\" width=\"145\" height=\"205\" srcset=\"https:\/\/www.bibliotecadeseguranca.com.br\/fr\/wp-content\/uploads\/2020\/11\/seguranca-publica-nas-fronteiras.jpg 145w, https:\/\/www.bibliotecadeseguranca.com.br\/fr\/wp-content\/uploads\/2020\/11\/seguranca-publica-nas-fronteiras-106x150.jpg 106w\" sizes=\"auto, (max-width: 145px) 100vw, 145px\" \/>Estrat\u00e9gia Nacional de Seguran\u00e7a P\u00fablica nas Fronteiras (ENAFRON)<\/strong><\/span><\/p>\n<p><span style=\"color: #003366;\"><strong>Alex Jorge das Neves, Gustavo Camilo Baptista, C\u00edntia Liara Engel e Michel Misse<\/strong><\/span><\/p>\n<p><span style=\"color: #003366;\"><strong>R\u00e9sum\u00e9:<\/strong><\/span> A Pesquisa: Seguran\u00e7a P\u00fablica nas Fronteiras desenvolvida pelo grupo de pesquisa NECVU da Universidade Federal do Rio de Janeiro (UFRJ) e o Diagn\u00f3stico Socioecon\u00f4mico e Demogr\u00e1fico da Faixa de Fronteira, realizado pelo grupo de pesquisa Retis, da mesma universidade, fazem parte do empenho empreendido pelo Governo Federal na perspectiva da Estrat\u00e9gia Nacional de Seguran\u00e7a P\u00fablica nas Fronteiras (ENAFRON), inserida no Plano Estrat\u00e9gico de Fronteiras, institu\u00eddo pelo Decreto 7.496, de 8 de junho de 2011. Os estudos foram idealizados e financiados pela Secretaria Nacional de Seguran\u00e7a P\u00fablica do Minist\u00e9rio da Justi\u00e7a (SENASP\/MJ) e tiveram o objetivo de apresentar uma fotografia da fronteira brasileira.<br \/>\nAo idealizar a pol\u00edtica de fronteira, notou-se a lacuna de informa\u00e7\u00f5es qualificadas acerca dos reais problemas da fronteira, as din\u00e2micas de criminalidade locais e as especificidades sociais, econ\u00f4micas e culturais das diversas regi\u00f5es, estados e munic\u00edpios.<br \/>\nDesse modo, um dos eixos orientadores da ENAFRON foi investir em diagn\u00f3sticos e pesquisas que sustentassem a reflex\u00e3o e atua\u00e7\u00e3o pol\u00edtica nesses territ\u00f3rios. Foi firmado, assim, um termo de coopera\u00e7\u00e3o t\u00e9cnica entre a SENASP e a UFRJ, paralelamente com dois grupos de pesquisa, o NECVU, respons\u00e1vel pela realiza\u00e7\u00e3o de uma pesquisa sobre a seguran\u00e7a p\u00fablica nas fronteiras e o Retis, respons\u00e1vel pela an\u00e1lise de dados secund\u00e1rios, com a proposi\u00e7\u00e3o de \u00edndices e an\u00e1lises comparadas sobre as din\u00e2micas sociais, econ\u00f4micas, culturais e estruturais de todos os munic\u00edpios da fronteira.<br \/>\nAo todo, a pesquisa contou com a participa\u00e7\u00e3o de mais de 50 pesquisadores, 11 universidades federais e com a participa\u00e7\u00e3o de incont\u00e1veis gestores do governo federal, estadual e municipal, especialmente aqueles respons\u00e1veis pela implementa\u00e7\u00e3o da pol\u00edtica de fronteira. Foram dois intensos anos de pesquisa de campo e mais um ano para compor todas as sistematiza\u00e7\u00f5es, an\u00e1lises e revis\u00f5es do relat\u00f3rio. Dessa forma, essa \u00e9 uma das maiores iniciativas de coleta de informa\u00e7\u00f5es financiadas pelo Minist\u00e9rio da Justi\u00e7a, sendo, ainda, um marco na produ\u00e7\u00e3o de dados e reflex\u00f5es sobre as fronteiras brasileiras.<br \/>\n\u00c9, assim, com grande satisfa\u00e7\u00e3o que a SENASP lan\u00e7a esses resultados. Esperamos com eles qualificar as pol\u00edticas desenvolvidas e dialogar com gestores em v\u00e1rios n\u00edveis de governo. Al\u00e9m disso, almejamos ampliar o debate e produ\u00e7\u00e3o de pesquisas sobre a tem\u00e1tica, aproximando os munic\u00edpios de fronteira do interesse e elabora\u00e7\u00e3o acad\u00eamica e expandir uma rede de pesquisadores e formadores de opini\u00e3o sobre o tema, nas diversas universidades localizadas nas regi\u00f5es de fronteira, para que essa produ\u00e7\u00e3o do conhecimento sobre as nossas fronteiras continue e seja c\u00edclico.<\/p>\n<p><a href=\"https:\/\/www.bibliotecadeseguranca.com.br\/wp-content\/uploads\/2020\/11\/seguranca-publica-nas-fronteiras.pdf\" target=\"_blank\" rel=\"noopener\"><img loading=\"lazy\" decoding=\"async\" class=\"alignleft wp-image-12143 size-full\" src=\"https:\/\/www.bibliotecadeseguranca.com.br\/fr\/wp-content\/uploads\/2015\/03\/download_fr.gif\" alt=\"T\u00e9l\u00e9charger\" width=\"107\" height=\"25\" \/><\/a><\/p>\n","protected":false},"excerpt":{"rendered":"<p>Estrat\u00e9gia Nacional de Seguran\u00e7a P\u00fablica nas Fronteiras (ENAFRON) Alex Jorge das Neves, Gustavo Camilo Baptista, C\u00edntia Liara Engel e Michel Misse R\u00e9sum\u00e9: A Pesquisa: Seguran\u00e7a P\u00fablica nas Fronteiras desenvolvida pelo grupo de pesquisa NECVU da Universidade Federal do Rio de Janeiro (UFRJ) e o Diagn\u00f3stico Socioecon\u00f4mico e Demogr\u00e1fico da Faixa de Fronteira, realizado pelo grupo de pesquisa Retis, da mesma universidade, fazem parte do empenho empreendido pelo Governo Federal na&hellip; <\/p>\n","protected":false},"author":3,"featured_media":16938,"comment_status":"open","ping_status":"closed","sticky":false,"template":"","format":"standard","meta":{"footnotes":""},"categories":[6,25,112],"tags":[],"class_list":["post-16937","post","type-post","status-publish","format-standard","has-post-thumbnail","hentry","category-livros","category-seguranca-publica-e-defesa","category-download"],"views":81,"_links":{"self":[{"href":"https:\/\/www.bibliotecadeseguranca.com.br\/fr\/wp-json\/wp\/v2\/posts\/16937","targetHints":{"allow":["GET"]}}],"collection":[{"href":"https:\/\/www.bibliotecadeseguranca.com.br\/fr\/wp-json\/wp\/v2\/posts"}],"about":[{"href":"https:\/\/www.bibliotecadeseguranca.com.br\/fr\/wp-json\/wp\/v2\/types\/post"}],"author":[{"embeddable":true,"href":"https:\/\/www.bibliotecadeseguranca.com.br\/fr\/wp-json\/wp\/v2\/users\/3"}],"replies":[{"embeddable":true,"href":"https:\/\/www.bibliotecadeseguranca.com.br\/fr\/wp-json\/wp\/v2\/comments?post=16937"}],"version-history":[{"count":1,"href":"https:\/\/www.bibliotecadeseguranca.com.br\/fr\/wp-json\/wp\/v2\/posts\/16937\/revisions"}],"predecessor-version":[{"id":16939,"href":"https:\/\/www.bibliotecadeseguranca.com.br\/fr\/wp-json\/wp\/v2\/posts\/16937\/revisions\/16939"}],"wp:featuredmedia":[{"embeddable":true,"href":"https:\/\/www.bibliotecadeseguranca.com.br\/fr\/wp-json\/wp\/v2\/media\/16938"}],"wp:attachment":[{"href":"https:\/\/www.bibliotecadeseguranca.com.br\/fr\/wp-json\/wp\/v2\/media?parent=16937"}],"wp:term":[{"taxonomy":"category","embeddable":true,"href":"https:\/\/www.bibliotecadeseguranca.com.br\/fr\/wp-json\/wp\/v2\/categories?post=16937"},{"taxonomy":"post_tag","embeddable":true,"href":"https:\/\/www.bibliotecadeseguranca.com.br\/fr\/wp-json\/wp\/v2\/tags?post=16937"}],"curies":[{"name":"wp","href":"https:\/\/api.w.org\/{rel}","templated":true}]}}