{"id":16904,"date":"2020-11-16T14:00:17","date_gmt":"2020-11-16T17:00:17","guid":{"rendered":"https:\/\/www.bibliotecadeseguranca.com.br\/fr\/?p=16904"},"modified":"2020-11-16T12:12:52","modified_gmt":"2020-11-16T15:12:52","slug":"seguranca-justica-e-cidadania-pericia-e-investigacao-criminal","status":"publish","type":"post","link":"https:\/\/www.bibliotecadeseguranca.com.br\/fr\/livros\/seguranca-justica-e-cidadania-pericia-e-investigacao-criminal\/","title":{"rendered":"Seguran\u00e7a, Justi\u00e7a e Cidadania &#8211; Per\u00edcia e Investiga\u00e7\u00e3o Criminal"},"content":{"rendered":"<p><span style=\"color: #003366;\"><strong><img loading=\"lazy\" decoding=\"async\" class=\"alignleft size-full wp-image-16905\" src=\"https:\/\/www.bibliotecadeseguranca.com.br\/fr\/wp-content\/uploads\/2020\/11\/seguranca-justica-e-cidadania-pericia-e-investigacao-criminal.jpg\" alt=\"Seguran\u00e7a, Justi\u00e7a e Cidadania - Per\u00edcia e Investiga\u00e7\u00e3o Criminal\" width=\"145\" height=\"213\" srcset=\"https:\/\/www.bibliotecadeseguranca.com.br\/fr\/wp-content\/uploads\/2020\/11\/seguranca-justica-e-cidadania-pericia-e-investigacao-criminal.jpg 145w, https:\/\/www.bibliotecadeseguranca.com.br\/fr\/wp-content\/uploads\/2020\/11\/seguranca-justica-e-cidadania-pericia-e-investigacao-criminal-102x150.jpg 102w\" sizes=\"auto, (max-width: 145px) 100vw, 145px\" \/>Secretaria Nacional de Seguran\u00e7a P\u00fablica (SENASP)<\/strong><\/span><\/p>\n<p><span style=\"color: #003366;\"><strong>R\u00e9sum\u00e9:<\/strong><\/span> Este n\u00famero da Revista Seguran\u00e7a, Justi\u00e7a e Cidadania re\u00fane artigos sob as tem\u00e1ticas da per\u00edcia e da investiga\u00e7\u00e3o criminal, e trata de analisar tanto os procedimentos t\u00e9cnicos adotados nas pr\u00e1ticas periciais quanto as implica\u00e7\u00f5es sociol\u00f3gicas decorrentes dos processos burocr\u00e1ticos e do sistema legal no pa\u00eds.<br \/>\nO artigo de abertura desta edi\u00e7\u00e3o, de autoria de Girlei Veloso Marinho, revela a import\u00e2ncia da cadeia de cust\u00f3dia que garante a autenticidade, a idoneidade e a hist\u00f3ria cronol\u00f3gica da prova pericial. A prova pericial \u00e9 usada<br \/>\nnas investiga\u00e7\u00f5es e nos julgamentos, sendo relevante para a decis\u00e3o judicial a respeito de um crime. Possui uma trajet\u00f3ria que relaciona diversos agentes, portanto, mostra a complexidade de rela\u00e7\u00f5es existentes no processo de revelar a verdade e obter justi\u00e7a.<br \/>\nOs tr\u00eas artigos que seguem, formam um bloco sobre pr\u00e1ticas periciais. Flavia Medeiros, Arthur Coelho Bezerra e Klarissa Almeida Silva investigam a per\u00edcia m\u00e9dico-legal no Rio de Janeiro, com aten\u00e7\u00e3o voltada aos crimes violentos<br \/>\ne \u00e0 investiga\u00e7\u00e3o \u201cnos locais de crime\u201d, e \u00e0 produ\u00e7\u00e3o da morte como uma atividade burocr\u00e1tica e institucionalizada. Sibelius Lellis Vieira e Adriano Rodrigues da Cruz descrevem t\u00e9cnicas, m\u00e9todos e ferramentas para a aquisi\u00e7\u00e3o de evid\u00eancias digitais em smartphones que utilizam o sistema operacional Android e estejam bloqueados e com a fun\u00e7\u00e3o de depura\u00e7\u00e3o USB desabilitada.<br \/>\nAlex Niche Teixeira e Tr\u00edcia C. Kommers Albuquerque apresentam os resultados obtidos em sua pesquisa sobre a identidade do profissional atuante na per\u00edcia ga\u00facha, para a qual entrevistaram grande parte dos peritos do Instituto-Geral de Per\u00edcias.<br \/>\nOs tr\u00eas artigos seguintes, formam os Cadernos Renaesp, dedicados \u00e0 produ\u00e7\u00e3o desenvolvida no \u00e2mbito dos cursos de Especializa\u00e7\u00e3o lato sensu em Seguran\u00e7a P\u00fablica, que comp\u00f5em a Rede Nacional de Altos Estudos em Seguran\u00e7a P\u00fablica, da Senasp\/ MJ, criada em 2006. Os cursos s\u00e3o oferecidos por universidades p\u00fablicas e privadas do pa\u00eds, promovendo a aproxima\u00e7\u00e3o das institui\u00e7\u00f5es policiais e de seus profissionais aos centros de pesquisas e universidades. Dentre os objetivos da Renaesp, est\u00e3o: articular o conhecimento pr\u00e1tico dos policiais com o conhecimento produzido no ambiente acad\u00eamico, difundir e refor\u00e7ar a constru\u00e7\u00e3o de uma cultura de seguran\u00e7a p\u00fablica fundada nos paradigmas da modernidade, da intelig\u00eancia, da informa\u00e7\u00e3o e do exerc\u00edcio de compet\u00eancias estrat\u00e9gicas, t\u00e9cnicas e cient\u00edficas.<br \/>\nWilson Klippel Sichonany J\u00fanior discute a exist\u00eancia das guardas municipais e os desdobramentos legais permitidos pela interpreta\u00e7\u00e3o da Constitui\u00e7\u00e3o Federal que autorizam sua atua\u00e7\u00e3o como agentes de seguran\u00e7a p\u00fablica. Vera L\u00facia Bezerra Santos, Penina Corr\u00eaa Vale, Marinna Silva Serra e Keiliane de Jesus Santos, narram os resultados de sua pesquisa com os moradores de Vila Brasil, em S\u00e3o Luis, no Maranh\u00e3o, onde o policiamento comunit\u00e1rio \u00e9 financiado pelos pr\u00f3prios moradores e revelam os problemas e as solu\u00e7\u00f5es encontradas por eles para manterem o\u00a0 policiamento na vila. Francisco Oliveira Xavier Junior analisa, por meio do C\u00f3digo de Tr\u00e2nsito Brasileiro, a responsabilidade\u00a0civil dos condutores de ve\u00edculos de emerg\u00eancia, em caso de acidente, de ressarcir os danos causados, por meio da a\u00e7\u00e3o regressiva.<br \/>\nPor fim, encerrando este n\u00famero, Glaucia Lindoso Sarges apresenta uma resenha do livro \u201cNovo olhar sobre a quest\u00e3o penitenci\u00e1ria\u201d, escrito pela professora doutora Anabela Miranda Rodrigues, da Universidade de Coimbra, no qual discute o desafio de socializa\u00e7\u00e3o dos ex-reclusos, defendendo que a socializa\u00e7\u00e3o deve ser um instrumento de defesa da liberdade e da dignidade humana.<br \/>\nAo tra\u00e7ar este panorama, queremos demonstrar qu\u00e3o importante \u00e9 a integra\u00e7\u00e3o entre os diferentes profissionais e as organiza\u00e7\u00f5es que atuam nestas \u00e1reas. Assim, esperamos possibilitar novas an\u00e1lises e reflex\u00f5es sobre o trabalho de per\u00edcia e investiga\u00e7\u00e3o criminal, assim como ampliar o repert\u00f3rio de solu\u00e7\u00f5es, estrat\u00e9gias e pol\u00edticas p\u00fablicas adequadas.<\/p>\n<p><a href=\"https:\/\/www.bibliotecadeseguranca.com.br\/wp-content\/uploads\/2020\/11\/seguranca-justica-e-cidadania-pericia-e-investigacao-criminal.pdf\" target=\"_blank\" rel=\"noopener\"><img loading=\"lazy\" decoding=\"async\" class=\"alignleft wp-image-12143 size-full\" src=\"https:\/\/www.bibliotecadeseguranca.com.br\/fr\/wp-content\/uploads\/2015\/03\/download_fr.gif\" alt=\"T\u00e9l\u00e9charger\" width=\"107\" height=\"25\" \/><\/a><\/p>\n","protected":false},"excerpt":{"rendered":"<p>Secretaria Nacional de Seguran\u00e7a P\u00fablica (SENASP) R\u00e9sum\u00e9: Este n\u00famero da Revista Seguran\u00e7a, Justi\u00e7a e Cidadania re\u00fane artigos sob as tem\u00e1ticas da per\u00edcia e da investiga\u00e7\u00e3o criminal, e trata de analisar tanto os procedimentos t\u00e9cnicos adotados nas pr\u00e1ticas periciais quanto as implica\u00e7\u00f5es sociol\u00f3gicas decorrentes dos processos burocr\u00e1ticos e do sistema legal no pa\u00eds. O artigo de abertura desta edi\u00e7\u00e3o, de autoria de Girlei Veloso Marinho, revela a import\u00e2ncia da cadeia de&hellip; <\/p>\n","protected":false},"author":3,"featured_media":16905,"comment_status":"open","ping_status":"closed","sticky":false,"template":"","format":"standard","meta":{"footnotes":""},"categories":[10,15,6,25,112],"tags":[],"class_list":["post-16904","post","type-post","status-publish","format-standard","has-post-thumbnail","hentry","category-crime-violencia-e-criminologia","category-fraude-e-investigacao","category-livros","category-seguranca-publica-e-defesa","category-download"],"views":156,"_links":{"self":[{"href":"https:\/\/www.bibliotecadeseguranca.com.br\/fr\/wp-json\/wp\/v2\/posts\/16904","targetHints":{"allow":["GET"]}}],"collection":[{"href":"https:\/\/www.bibliotecadeseguranca.com.br\/fr\/wp-json\/wp\/v2\/posts"}],"about":[{"href":"https:\/\/www.bibliotecadeseguranca.com.br\/fr\/wp-json\/wp\/v2\/types\/post"}],"author":[{"embeddable":true,"href":"https:\/\/www.bibliotecadeseguranca.com.br\/fr\/wp-json\/wp\/v2\/users\/3"}],"replies":[{"embeddable":true,"href":"https:\/\/www.bibliotecadeseguranca.com.br\/fr\/wp-json\/wp\/v2\/comments?post=16904"}],"version-history":[{"count":1,"href":"https:\/\/www.bibliotecadeseguranca.com.br\/fr\/wp-json\/wp\/v2\/posts\/16904\/revisions"}],"predecessor-version":[{"id":16906,"href":"https:\/\/www.bibliotecadeseguranca.com.br\/fr\/wp-json\/wp\/v2\/posts\/16904\/revisions\/16906"}],"wp:featuredmedia":[{"embeddable":true,"href":"https:\/\/www.bibliotecadeseguranca.com.br\/fr\/wp-json\/wp\/v2\/media\/16905"}],"wp:attachment":[{"href":"https:\/\/www.bibliotecadeseguranca.com.br\/fr\/wp-json\/wp\/v2\/media?parent=16904"}],"wp:term":[{"taxonomy":"category","embeddable":true,"href":"https:\/\/www.bibliotecadeseguranca.com.br\/fr\/wp-json\/wp\/v2\/categories?post=16904"},{"taxonomy":"post_tag","embeddable":true,"href":"https:\/\/www.bibliotecadeseguranca.com.br\/fr\/wp-json\/wp\/v2\/tags?post=16904"}],"curies":[{"name":"wp","href":"https:\/\/api.w.org\/{rel}","templated":true}]}}