{"id":16844,"date":"2020-10-22T14:00:41","date_gmt":"2020-10-22T17:00:41","guid":{"rendered":"https:\/\/www.bibliotecadeseguranca.com.br\/fr\/?p=16844"},"modified":"2020-10-22T12:26:46","modified_gmt":"2020-10-22T15:26:46","slug":"seguranca-das-informacoes-as-pessoas-sao-o-elo-mais-fraco","status":"publish","type":"post","link":"https:\/\/www.bibliotecadeseguranca.com.br\/fr\/livros\/seguranca-das-informacoes-as-pessoas-sao-o-elo-mais-fraco\/","title":{"rendered":"Seguran\u00e7a das Informa\u00e7\u00f5es: As pessoas s\u00e3o o elo mais fraco"},"content":{"rendered":"<p><span style=\"color: #003366;\"><strong><img loading=\"lazy\" decoding=\"async\" class=\"alignleft size-full wp-image-16845\" src=\"https:\/\/www.bibliotecadeseguranca.com.br\/fr\/wp-content\/uploads\/2020\/10\/seguranca-das-informacoes-as-pessoas-sao-o-elo-mais-fraco.jpg\" alt=\"Seguran\u00e7a das Informa\u00e7\u00f5es: As pessoas s\u00e3o o elo mais fraco\" width=\"145\" height=\"205\" srcset=\"https:\/\/www.bibliotecadeseguranca.com.br\/fr\/wp-content\/uploads\/2020\/10\/seguranca-das-informacoes-as-pessoas-sao-o-elo-mais-fraco.jpg 145w, https:\/\/www.bibliotecadeseguranca.com.br\/fr\/wp-content\/uploads\/2020\/10\/seguranca-das-informacoes-as-pessoas-sao-o-elo-mais-fraco-106x150.jpg 106w\" sizes=\"auto, (max-width: 145px) 100vw, 145px\" \/>Cl\u00e1udio dos Santos Moretti<\/strong><\/span><\/p>\n<p><span style=\"color: #003366;\"><strong>R\u00e9sum\u00e9:<\/strong><\/span> Este compendio foi elaborado a partir de diversas publica\u00e7\u00f5es de minha autoria nas m\u00eddias especializadas em Seguran\u00e7a Empresarial, como por exemplo, o Jornal da Seguran\u00e7a e a revista Gest\u00e3o de Riscos.<br \/>\nO tema refere-se a import\u00e2ncia das informa\u00e7\u00f5es no contexto empresarial e pessoal com foco no desenvolvimento da cultura organizacional e conscientiza\u00e7\u00e3o das pessoas.<br \/>\nApesar de fazer algumas refer\u00eancias a intrus\u00e3o no sistema computacional ou invas\u00e3o realizada por hackers, o ponto focal desta obra s\u00e3o as formas de atua\u00e7\u00e3o dos engenheiros sociais e as vulnerabilidades que s\u00e3o expostas atrav\u00e9s do elo mais fraco neste processo \u2013 as pessoas.<br \/>\nPortanto, n\u00e3o se trata de softwares, antiv\u00edrus ou firewall e sim de educa\u00e7\u00e3o nos procedimentos b\u00e1sicos de seguran\u00e7a das informa\u00e7\u00f5es que residem na falta de cultura de prote\u00e7\u00e3o das pessoas.<br \/>\nAl\u00e9m disso, introduzi dois cap\u00edtulos sobre o avan\u00e7o tecnol\u00f3gico no setor de seguran\u00e7a privada.<br \/>\nBoa leitura!<\/p>\n<p><a href=\"https:\/\/www.bibliotecadeseguranca.com.br\/wp-content\/uploads\/2020\/10\/seguranca-das-informacoes-as-pessoas-sao-o-elo-mais-fraco.pdf\" target=\"_blank\" rel=\"noopener\"><img loading=\"lazy\" decoding=\"async\" class=\"alignleft wp-image-12143 size-full\" src=\"https:\/\/www.bibliotecadeseguranca.com.br\/fr\/wp-content\/uploads\/2015\/03\/download_fr.gif\" alt=\"T\u00e9l\u00e9charger\" width=\"107\" height=\"25\" \/><\/a><\/p>\n","protected":false},"excerpt":{"rendered":"<p>Cl\u00e1udio dos Santos Moretti R\u00e9sum\u00e9: Este compendio foi elaborado a partir de diversas publica\u00e7\u00f5es de minha autoria nas m\u00eddias especializadas em Seguran\u00e7a Empresarial, como por exemplo, o Jornal da Seguran\u00e7a e a revista Gest\u00e3o de Riscos. O tema refere-se a import\u00e2ncia das informa\u00e7\u00f5es no contexto empresarial e pessoal com foco no desenvolvimento da cultura organizacional e conscientiza\u00e7\u00e3o das pessoas. Apesar de fazer algumas refer\u00eancias a intrus\u00e3o no sistema computacional ou&hellip; <\/p>\n","protected":false},"author":3,"featured_media":16845,"comment_status":"open","ping_status":"closed","sticky":false,"template":"","format":"standard","meta":{"footnotes":""},"categories":[6,20,112],"tags":[],"class_list":["post-16844","post","type-post","status-publish","format-standard","has-post-thumbnail","hentry","category-livros","category-seguranca-da-informacao","category-download"],"views":114,"_links":{"self":[{"href":"https:\/\/www.bibliotecadeseguranca.com.br\/fr\/wp-json\/wp\/v2\/posts\/16844","targetHints":{"allow":["GET"]}}],"collection":[{"href":"https:\/\/www.bibliotecadeseguranca.com.br\/fr\/wp-json\/wp\/v2\/posts"}],"about":[{"href":"https:\/\/www.bibliotecadeseguranca.com.br\/fr\/wp-json\/wp\/v2\/types\/post"}],"author":[{"embeddable":true,"href":"https:\/\/www.bibliotecadeseguranca.com.br\/fr\/wp-json\/wp\/v2\/users\/3"}],"replies":[{"embeddable":true,"href":"https:\/\/www.bibliotecadeseguranca.com.br\/fr\/wp-json\/wp\/v2\/comments?post=16844"}],"version-history":[{"count":1,"href":"https:\/\/www.bibliotecadeseguranca.com.br\/fr\/wp-json\/wp\/v2\/posts\/16844\/revisions"}],"predecessor-version":[{"id":16846,"href":"https:\/\/www.bibliotecadeseguranca.com.br\/fr\/wp-json\/wp\/v2\/posts\/16844\/revisions\/16846"}],"wp:featuredmedia":[{"embeddable":true,"href":"https:\/\/www.bibliotecadeseguranca.com.br\/fr\/wp-json\/wp\/v2\/media\/16845"}],"wp:attachment":[{"href":"https:\/\/www.bibliotecadeseguranca.com.br\/fr\/wp-json\/wp\/v2\/media?parent=16844"}],"wp:term":[{"taxonomy":"category","embeddable":true,"href":"https:\/\/www.bibliotecadeseguranca.com.br\/fr\/wp-json\/wp\/v2\/categories?post=16844"},{"taxonomy":"post_tag","embeddable":true,"href":"https:\/\/www.bibliotecadeseguranca.com.br\/fr\/wp-json\/wp\/v2\/tags?post=16844"}],"curies":[{"name":"wp","href":"https:\/\/api.w.org\/{rel}","templated":true}]}}