{"id":16838,"date":"2020-10-19T14:00:21","date_gmt":"2020-10-19T17:00:21","guid":{"rendered":"https:\/\/www.bibliotecadeseguranca.com.br\/fr\/?p=16838"},"modified":"2020-10-19T12:35:07","modified_gmt":"2020-10-19T15:35:07","slug":"seguranca-empresarial-da-teoria-a-pratica","status":"publish","type":"post","link":"https:\/\/www.bibliotecadeseguranca.com.br\/fr\/livros\/seguranca-empresarial-da-teoria-a-pratica\/","title":{"rendered":"Seguran\u00e7a Empresarial: da Teoria \u00e0 Pr\u00e1tica"},"content":{"rendered":"<p><span style=\"color: #003366;\"><strong><img loading=\"lazy\" decoding=\"async\" class=\"alignleft size-full wp-image-16839\" src=\"https:\/\/www.bibliotecadeseguranca.com.br\/fr\/wp-content\/uploads\/2020\/10\/seguranca-empresarial-da-teoria-a-pratica.jpg\" alt=\"Seguran\u00e7a Empresarial: da Teoria \u00e0 Pr\u00e1tica\" width=\"145\" height=\"193\" srcset=\"https:\/\/www.bibliotecadeseguranca.com.br\/fr\/wp-content\/uploads\/2020\/10\/seguranca-empresarial-da-teoria-a-pratica.jpg 145w, https:\/\/www.bibliotecadeseguranca.com.br\/fr\/wp-content\/uploads\/2020\/10\/seguranca-empresarial-da-teoria-a-pratica-113x150.jpg 113w\" sizes=\"auto, (max-width: 145px) 100vw, 145px\" \/>T\u00e1cito A. S. Leite, DSE, ASE, C31000 &#8211; Erika Zanete, ASE &#8211; Igor de Mesquita Pipolo, ADS, ASE<\/strong><\/span><br \/>\n<span style=\"color: #003366;\"><strong>Adm. Tatiana Pereira Cheslest Miras Diniz, CPP\u00ae, ASE &#8211; Adm. Marcy Jose de Campos Verde, CPP\u00ae, ADS<\/strong><\/span><\/p>\n<p><span style=\"color: #003366;\"><strong>CRA-SP, GESEG<\/strong><\/span><\/p>\n<p><span style=\"color: #003366;\"><strong>R\u00e9sum\u00e9:<\/strong><\/span> No in\u00edcio de nossa sociedade, um dos primeiros conceitos que desenvolvemos foi a vida em comunidade, e a seguran\u00e7a que esta poderia proporcionar. Como \u2018animais\u2019 os humanos s\u00e3o pouco impressionantes, basta ler uma lista de recordes e veremos que n\u00e3o somos os mais r\u00e1pidos ou os mais fortes, mas ao nos organizamos em grupos podemos obter mais seguran\u00e7a e termos maior for\u00e7a contra amea\u00e7as do ambiente ou de outros grupos.<br \/>\nAs grandes caravanas de mercadores na Rota da Seda, que garantiam o fluxo de mercadorias entre o oriente e ocidente, tamb\u00e9m apostavam nesse conceito, da seguran\u00e7a em n\u00famero, que a fraqueza de um poderia ser compensada pela for\u00e7a dos outros. A ideia de que a seguran\u00e7a de cada um dependia da seguran\u00e7a do grupo.<br \/>\nO poeta romano Hor\u00e1cio j\u00e1 entendia esse conceito ao afirmar que \u201cnossa pr\u00f3pria seguran\u00e7a \u00e9 colocada em risco quando a casa de nosso vizinho pega fogo\u201d Sentir-se seguro n\u00e3o pode ser considerado um privil\u00e9gio, \u00e9 uma demanda b\u00e1sica de qualquer indiv\u00edduo e grupo social, contudo, no Brasil, quest\u00f5es sociais e econ\u00f4micas extremamente complexas geraram um ambiente com n\u00edveis de seguran\u00e7a inferiores aos de outros pa\u00edses; um cen\u00e1rio onde o cidad\u00e3o n\u00e3o v\u00ea o estado como eficaz provedor desta garantia.<br \/>\nDesta forma, o papel da seguran\u00e7a privada ganha ares mais b\u00e1sicos em nossa sociedade e, assim, podemos identificar a formaliza\u00e7\u00e3o dos servi\u00e7os de seguran\u00e7a particulares a partir da d\u00e9cada de 1960.<br \/>\nUltrapassando agora 50 anos de sua regulamenta\u00e7\u00e3o, a atividade ainda carece de modelos gerenciais bem estudados, efetivos e aplic\u00e1veis \u00e0 nossa realidade, da\u00ed o surgimento deste livro.<br \/>\nFruto do trabalho do GESEG \u2013 Grupo de Excel\u00eancia em Seguran\u00e7a, formado em 2017 no Centro do Conhecimento do Conselho Regional de Administra\u00e7\u00e3o de S\u00e3o Paulo, o material foi elaborado na forma de um e-book.<br \/>\nContando com mais de 70 especialistas teve a coordena\u00e7\u00e3o dos administradores Tatiana Pereira Cheslest Miras Diniz, CPP\u00ae, ASE; Marcy Jos\u00e9 de Campos Verde, CPP\u00ae, ADS; ambos com larga experi\u00eancia e diversas certifica\u00e7\u00f5es na \u00e1rea.<br \/>\nO livro foi dividido em duas dezenas de cap\u00edtulos, cada um com tema bem definido e abordagem clara e direta, facilitando aos profissionais ou estudantes da \u00e1rea a localiza\u00e7\u00e3o do t\u00f3pico espec\u00edfico de investiga\u00e7\u00e3o, ainda mantendo um sequenciamento l\u00f3gico dos conte\u00fados para quem vai ler toda obra e ganhar conhecimento nesta multitude de temas.<br \/>\nDesde a estrutura e requisitos legais para funcionamento at\u00e9 a integra\u00e7\u00e3o da seguran\u00e7a p\u00fablica e privada, passando por quest\u00f5es como arquitetura, eventos, seguran\u00e7a de inc\u00eandios e tecnologia o leitor tamb\u00e9m ter\u00e1 acesso aos temas mais tradicionais, como escolta, transporte de valores, seguran\u00e7a pessoal e do patrim\u00f4nio.<br \/>\nO livro \u00e9 indicado para quem j\u00e1 atua na \u00e1rea e precisa profissionalizar sua gest\u00e3o, mas tamb\u00e9m serve de guia inicial para aqueles que pretendem come\u00e7ar, de maneira correta, a trabalhar nessa atividade.<br \/>\nCada cap\u00edtulo \u00e9 assinado por especialistas e, at\u00e9 como ter surgido da colabora\u00e7\u00e3o de um grande grupo, traz ainda link para perfil de cada um deles, possibilitando ao leitor relacionar-se diretamente com os autores e desenvolver-se ainda mais em cada \u00e1rea de interesse.<br \/>\nO CRA-SP tem como lema estar sempre: \u201cA Servi\u00e7o da Administra\u00e7\u00e3o\u201d. Esse \u00e9 nosso papel, nossa miss\u00e3o, al\u00e9m de nosso mandato legal de fiscalizar o exerc\u00edcio profissional, ampliar e profissionalizar o conhecimento da Administra\u00e7\u00e3o em nossas empresas e sociedade.<br \/>\nUm dos aspectos mais vis\u00edveis e produtivos desta miss\u00e3o \u00e9 o Centro do Conhecimento, onde possui 37 Grupos de Excel\u00eancia que contam com centenas de profissionais que pensam, estudam e produzem conhecimento em Administra\u00e7\u00e3o, e onde o GESEG tem se destacado como um dos mais prof\u00edcuos.<br \/>\nAproveite sua leitura, desenvolva seus conhecimentos e lembre-se que ao dividir conhecimento com outros, na verdade multiplicamos o nosso.<\/p>\n<p>Boa Leitura<br \/>\nAdm. Roberto Carvalho Cardoso<br \/>\nPresidente CRA-SP<\/p>\n<p><a href=\"https:\/\/www.bibliotecadeseguranca.com.br\/wp-content\/uploads\/2020\/10\/seguranca-empresarial-da-teoria-a-pratica.pdf\" target=\"_blank\" rel=\"noopener\"><img loading=\"lazy\" decoding=\"async\" class=\"alignleft wp-image-12143 size-full\" src=\"https:\/\/www.bibliotecadeseguranca.com.br\/fr\/wp-content\/uploads\/2015\/03\/download_fr.gif\" alt=\"T\u00e9l\u00e9charger\" width=\"107\" height=\"25\" \/><\/a><\/p>\n","protected":false},"excerpt":{"rendered":"<p>T\u00e1cito A. S. Leite, DSE, ASE, C31000 &#8211; Erika Zanete, ASE &#8211; Igor de Mesquita Pipolo, ADS, ASE Adm. Tatiana Pereira Cheslest Miras Diniz, CPP\u00ae, ASE &#8211; Adm. Marcy Jose de Campos Verde, CPP\u00ae, ADS CRA-SP, GESEG R\u00e9sum\u00e9: No in\u00edcio de nossa sociedade, um dos primeiros conceitos que desenvolvemos foi a vida em comunidade, e a seguran\u00e7a que esta poderia proporcionar. Como \u2018animais\u2019 os humanos s\u00e3o pouco impressionantes, basta ler&hellip; <\/p>\n","protected":false},"author":3,"featured_media":16839,"comment_status":"open","ping_status":"closed","sticky":false,"template":"","format":"standard","meta":{"footnotes":""},"categories":[23,6,112],"tags":[],"class_list":["post-16838","post","type-post","status-publish","format-standard","has-post-thumbnail","hentry","category-gestao-da-seguranca-empresarial","category-livros","category-download"],"views":88,"_links":{"self":[{"href":"https:\/\/www.bibliotecadeseguranca.com.br\/fr\/wp-json\/wp\/v2\/posts\/16838","targetHints":{"allow":["GET"]}}],"collection":[{"href":"https:\/\/www.bibliotecadeseguranca.com.br\/fr\/wp-json\/wp\/v2\/posts"}],"about":[{"href":"https:\/\/www.bibliotecadeseguranca.com.br\/fr\/wp-json\/wp\/v2\/types\/post"}],"author":[{"embeddable":true,"href":"https:\/\/www.bibliotecadeseguranca.com.br\/fr\/wp-json\/wp\/v2\/users\/3"}],"replies":[{"embeddable":true,"href":"https:\/\/www.bibliotecadeseguranca.com.br\/fr\/wp-json\/wp\/v2\/comments?post=16838"}],"version-history":[{"count":1,"href":"https:\/\/www.bibliotecadeseguranca.com.br\/fr\/wp-json\/wp\/v2\/posts\/16838\/revisions"}],"predecessor-version":[{"id":16840,"href":"https:\/\/www.bibliotecadeseguranca.com.br\/fr\/wp-json\/wp\/v2\/posts\/16838\/revisions\/16840"}],"wp:featuredmedia":[{"embeddable":true,"href":"https:\/\/www.bibliotecadeseguranca.com.br\/fr\/wp-json\/wp\/v2\/media\/16839"}],"wp:attachment":[{"href":"https:\/\/www.bibliotecadeseguranca.com.br\/fr\/wp-json\/wp\/v2\/media?parent=16838"}],"wp:term":[{"taxonomy":"category","embeddable":true,"href":"https:\/\/www.bibliotecadeseguranca.com.br\/fr\/wp-json\/wp\/v2\/categories?post=16838"},{"taxonomy":"post_tag","embeddable":true,"href":"https:\/\/www.bibliotecadeseguranca.com.br\/fr\/wp-json\/wp\/v2\/tags?post=16838"}],"curies":[{"name":"wp","href":"https:\/\/api.w.org\/{rel}","templated":true}]}}