{"id":16815,"date":"2020-10-09T13:00:55","date_gmt":"2020-10-09T16:00:55","guid":{"rendered":"https:\/\/www.bibliotecadeseguranca.com.br\/fr\/?p=16815"},"modified":"2020-10-09T12:55:06","modified_gmt":"2020-10-09T15:55:06","slug":"urbanisme-conception-et-gestion-des-espaces-pour-prevenir-la-malveillance","status":"publish","type":"post","link":"https:\/\/www.bibliotecadeseguranca.com.br\/fr\/livros\/urbanisme-conception-et-gestion-des-espaces-pour-prevenir-la-malveillance\/","title":{"rendered":"Urbanisme conception et gestion des espaces &#8211; Pour pr\u00e9venir la malveillance"},"content":{"rendered":"<p><span style=\"color: #003366;\"><strong><img loading=\"lazy\" decoding=\"async\" class=\"alignleft size-full wp-image-16816\" src=\"https:\/\/www.bibliotecadeseguranca.com.br\/fr\/wp-content\/uploads\/2020\/10\/urbanisme-conception-et-gestion-des-espaces-pour-prevenir-la-malveillance.jpg\" alt=\"Urbanisme conception et gestion des espaces - Pour pr\u00e9venir la malveillance\" width=\"145\" height=\"205\" srcset=\"https:\/\/www.bibliotecadeseguranca.com.br\/fr\/wp-content\/uploads\/2020\/10\/urbanisme-conception-et-gestion-des-espaces-pour-prevenir-la-malveillance.jpg 145w, https:\/\/www.bibliotecadeseguranca.com.br\/fr\/wp-content\/uploads\/2020\/10\/urbanisme-conception-et-gestion-des-espaces-pour-prevenir-la-malveillance-106x150.jpg 106w\" sizes=\"auto, (max-width: 145px) 100vw, 145px\" \/>Politecnico di Milano, Institut d&#8217;am\u00e9nagement et d&#8217;urbanisme de la r\u00e9gion \u00cele-de-France, Regione Emilia Romagna<\/strong><\/span><\/p>\n<p><span style=\"color: #003366;\"><strong>R\u00e9sum\u00e9:<\/strong><\/span> Une demande sociale est aujourd\u2019hui clairement exprim\u00e9e pour une ville et des espaces urbains plus s\u00fbrs. Cette attente interpelle directement les acteurs de la production urbaine.<br \/>\nOr, en y regardant de pr\u00e8s, il appara\u00eet que les principes de composition, de fonctionnalit\u00e9 et de gestion des espaces qui font la qualit\u00e9 urbaine d\u2019un projet sont proches de ceux qui participent \u00e0 la s\u00e9curit\u00e9 des espaces et au sentiment de s\u00e9curit\u00e9 des usagers.<br \/>\nA ce titre, la s\u00e9curit\u00e9 peut devenir un objectif assum\u00e9 du projet urbain.<br \/>\nElle rejoint alors les pr\u00e9occupations d\u2019un d\u00e9veloppement durable en tant que condition de la p\u00e9rennit\u00e9 des espaces construits et \u00e9l\u00e9ment de la qualit\u00e9 du projet urbain.<br \/>\nLe projet Safepolis cherche \u00e0 orienter le travail des urbanistes et des responsables de projet urbains pour les aider \u00e0 prendre en compte la s\u00e9curit\u00e9 des usagers tout au long de leurs r\u00e9flexions. Il ne s\u2019agit pas pour autant de formuler des recommandations normatives de formes urbaines, mais plut\u00f4t d&#8217;aider \u00e0 comprendre en quoi les formes urbaines qui seront choisies dans un projet auront un impact, positif ou n\u00e9gatif, sur la s\u00e9curit\u00e9. L\u2019objectif de cet ouvrage est donc de pr\u00e9senter des principes d\u2019urbanisme, de conception des espaces et de modes de gestion des espaces favorables \u00e0 la s\u00e9curit\u00e9.<br \/>\nConception, r\u00e9alisation et gestion sont les trois \u00e9tapes auxquelles doivent \u00eatre prise en compte la s\u00e9curit\u00e9 des espaces. Sous l&#8217;autorit\u00e9 du ma\u00eetre d\u2019ouvrage du projet, il faut faire travailler ensemble des \u00e9quipes pluridisciplinaires, associer \u00e0 la fois les concepteurs et les futurs gestionnaires d\u2019un espace, les acteurs des politiques de s\u00e9curit\u00e9 et les habitants ou usagers.<br \/>\nOr, ce travail pluridisciplinaire demande une certaine organisation. Deux choses peuvent y aider et repr\u00e9sentent l\u2019actualit\u00e9 d\u2019une telle pr\u00e9occupation.<br \/>\nTout d\u2019abord, il s\u2019agit de mettre en place des cadres incitatifs, puisque ce travail pluridisciplinaire n\u2019est en soi ni naturel, ni garanti. C\u2019est l\u00e0 tout l\u2019enjeu de la mise en place de processus qui engageront les acteurs de la production urbaine dans de telles d\u00e9marches: processus de type institutionnel, comme l\u2019obligation fran\u00e7aise de r\u00e9aliser des \u00e9tudes de s\u00e9curit\u00e9 en amont des grands projets urbains; processus de type professionnel, comme les chartes de s\u00e9curit\u00e9 \u00e9tablies \u00e0 l\u2019\u00e9chelle d\u2019une op\u00e9ration ; processus de type m\u00e9thodologique, comme celui des travaux du Comit\u00e9 europ\u00e9en de normalisation, qui, sans obliger, propose des \u00e9l\u00e9ments de m\u00e9thode et de r\u00e9flexions, auxquels le projet Safepolis esp\u00e8re apporter ici un d\u00e9veloppement technique.<br \/>\nEnfin et surtout, il faut une acculturation entre les acteurs de la production urbaine et le milieu professionnel de la s\u00e9curit\u00e9. C\u2019est tout le m\u00e9rite de cette d\u00e9marche europ\u00e9enne qui s&#8217;efforce, au del\u00e0 des r\u00e9f\u00e9rences culturelles\u00a0nationales, d\u2019am\u00e9liorer la r\u00e9flexion et la connaissance sur le lien entre l&#8217;urbanisme et la s\u00e9curit\u00e9 urbaine.<\/p>\n<p><a href=\"https:\/\/www.bibliotecadeseguranca.com.br\/wp-content\/uploads\/2020\/10\/urbanisme-conception-et-gestion-des-espaces-pour-prevenir-la-malveillance.pdf\" target=\"_blank\" rel=\"noopener\"><img loading=\"lazy\" decoding=\"async\" class=\"alignleft wp-image-12143 size-full\" src=\"https:\/\/www.bibliotecadeseguranca.com.br\/fr\/wp-content\/uploads\/2015\/03\/download_fr.gif\" alt=\"T\u00e9l\u00e9charger\" width=\"107\" height=\"25\" \/><\/a><\/p>\n","protected":false},"excerpt":{"rendered":"<p>Politecnico di Milano, Institut d&#8217;am\u00e9nagement et d&#8217;urbanisme de la r\u00e9gion \u00cele-de-France, Regione Emilia Romagna R\u00e9sum\u00e9: Une demande sociale est aujourd\u2019hui clairement exprim\u00e9e pour une ville et des espaces urbains plus s\u00fbrs. Cette attente interpelle directement les acteurs de la production urbaine. Or, en y regardant de pr\u00e8s, il appara\u00eet que les principes de composition, de fonctionnalit\u00e9 et de gestion des espaces qui font la qualit\u00e9 urbaine d\u2019un projet sont proches&hellip; <\/p>\n","protected":false},"author":3,"featured_media":16816,"comment_status":"open","ping_status":"closed","sticky":false,"template":"","format":"standard","meta":{"footnotes":""},"categories":[109,6,25,112],"tags":[],"class_list":["post-16815","post","type-post","status-publish","format-standard","has-post-thumbnail","hentry","category-francais","category-livros","category-seguranca-publica-e-defesa","category-download"],"views":247,"_links":{"self":[{"href":"https:\/\/www.bibliotecadeseguranca.com.br\/fr\/wp-json\/wp\/v2\/posts\/16815","targetHints":{"allow":["GET"]}}],"collection":[{"href":"https:\/\/www.bibliotecadeseguranca.com.br\/fr\/wp-json\/wp\/v2\/posts"}],"about":[{"href":"https:\/\/www.bibliotecadeseguranca.com.br\/fr\/wp-json\/wp\/v2\/types\/post"}],"author":[{"embeddable":true,"href":"https:\/\/www.bibliotecadeseguranca.com.br\/fr\/wp-json\/wp\/v2\/users\/3"}],"replies":[{"embeddable":true,"href":"https:\/\/www.bibliotecadeseguranca.com.br\/fr\/wp-json\/wp\/v2\/comments?post=16815"}],"version-history":[{"count":1,"href":"https:\/\/www.bibliotecadeseguranca.com.br\/fr\/wp-json\/wp\/v2\/posts\/16815\/revisions"}],"predecessor-version":[{"id":16817,"href":"https:\/\/www.bibliotecadeseguranca.com.br\/fr\/wp-json\/wp\/v2\/posts\/16815\/revisions\/16817"}],"wp:featuredmedia":[{"embeddable":true,"href":"https:\/\/www.bibliotecadeseguranca.com.br\/fr\/wp-json\/wp\/v2\/media\/16816"}],"wp:attachment":[{"href":"https:\/\/www.bibliotecadeseguranca.com.br\/fr\/wp-json\/wp\/v2\/media?parent=16815"}],"wp:term":[{"taxonomy":"category","embeddable":true,"href":"https:\/\/www.bibliotecadeseguranca.com.br\/fr\/wp-json\/wp\/v2\/categories?post=16815"},{"taxonomy":"post_tag","embeddable":true,"href":"https:\/\/www.bibliotecadeseguranca.com.br\/fr\/wp-json\/wp\/v2\/tags?post=16815"}],"curies":[{"name":"wp","href":"https:\/\/api.w.org\/{rel}","templated":true}]}}