{"id":16789,"date":"2020-09-28T14:00:24","date_gmt":"2020-09-28T17:00:24","guid":{"rendered":"https:\/\/www.bibliotecadeseguranca.com.br\/fr\/?p=16789"},"modified":"2020-09-28T13:00:37","modified_gmt":"2020-09-28T16:00:37","slug":"lei-geral-de-protecao-de-dados-pessoais-e-eu-com-isso","status":"publish","type":"post","link":"https:\/\/www.bibliotecadeseguranca.com.br\/fr\/livros\/lei-geral-de-protecao-de-dados-pessoais-e-eu-com-isso\/","title":{"rendered":"Lei Geral de Prote\u00e7\u00e3o de Dados Pessoais &#8211; E eu com isso?"},"content":{"rendered":"<p><span style=\"color: #003366;\"><strong><img loading=\"lazy\" decoding=\"async\" class=\"alignleft size-full wp-image-16790\" src=\"https:\/\/www.bibliotecadeseguranca.com.br\/fr\/wp-content\/uploads\/2020\/09\/lei-geral-de-protecao-de-dados-pessoais-e-eu-com-isso.jpg\" alt=\"Lei Geral de Prote\u00e7\u00e3o de Dados Pessoais - E eu com isso?\" width=\"145\" height=\"189\" srcset=\"https:\/\/www.bibliotecadeseguranca.com.br\/fr\/wp-content\/uploads\/2020\/09\/lei-geral-de-protecao-de-dados-pessoais-e-eu-com-isso.jpg 145w, https:\/\/www.bibliotecadeseguranca.com.br\/fr\/wp-content\/uploads\/2020\/09\/lei-geral-de-protecao-de-dados-pessoais-e-eu-com-isso-115x150.jpg 115w\" sizes=\"auto, (max-width: 145px) 100vw, 145px\" \/>OAB &#8211; Mogi das Cruzes<\/strong><\/span><\/p>\n<p><span style=\"color: #003366;\"><strong>R\u00e9sum\u00e9:<\/strong><\/span> A Lei Geral de Prote\u00e7\u00e3o de Dados Pessoais \u00e9 uma das leis mais importantes da atualidade. Ela veio para empoderar as pessoas em rela\u00e7\u00e3o aos seus dados, que por vezes vinham sendo utilizados de forma abusiva no mundo atual (em que a sociedade e economia s\u00e3o digitais e muitas vezes movidas a dados). A lei fortalece os direitos das pessoas em rela\u00e7\u00e3o \u00e0s escolhas sobre seus dados pessoais e possibilita que saibam por que e por quem seus dados s\u00e3o utilizados, possibilitando a liberdade, direito de escolha e de pensamento, bem como o direito \u00e0 privacidade.<\/p>\n<p><a href=\"https:\/\/www.bibliotecadeseguranca.com.br\/wp-content\/uploads\/2020\/09\/lei-geral-de-protecao-de-dados-pessoais-e-eu-com-isso.pdf\" target=\"_blank\" rel=\"noopener\"><img loading=\"lazy\" decoding=\"async\" class=\"alignleft wp-image-12143 size-full\" src=\"https:\/\/www.bibliotecadeseguranca.com.br\/fr\/wp-content\/uploads\/2015\/03\/download_fr.gif\" alt=\"T\u00e9l\u00e9charger\" width=\"107\" height=\"25\" \/><\/a><\/p>\n","protected":false},"excerpt":{"rendered":"<p>OAB &#8211; Mogi das Cruzes R\u00e9sum\u00e9: A Lei Geral de Prote\u00e7\u00e3o de Dados Pessoais \u00e9 uma das leis mais importantes da atualidade. Ela veio para empoderar as pessoas em rela\u00e7\u00e3o aos seus dados, que por vezes vinham sendo utilizados de forma abusiva no mundo atual (em que a sociedade e economia s\u00e3o digitais e muitas vezes movidas a dados). A lei fortalece os direitos das pessoas em rela\u00e7\u00e3o \u00e0s escolhas&hellip; <\/p>\n","protected":false},"author":3,"featured_media":16790,"comment_status":"open","ping_status":"closed","sticky":false,"template":"","format":"standard","meta":{"footnotes":""},"categories":[6,20,112],"tags":[],"class_list":["post-16789","post","type-post","status-publish","format-standard","has-post-thumbnail","hentry","category-livros","category-seguranca-da-informacao","category-download"],"views":202,"_links":{"self":[{"href":"https:\/\/www.bibliotecadeseguranca.com.br\/fr\/wp-json\/wp\/v2\/posts\/16789","targetHints":{"allow":["GET"]}}],"collection":[{"href":"https:\/\/www.bibliotecadeseguranca.com.br\/fr\/wp-json\/wp\/v2\/posts"}],"about":[{"href":"https:\/\/www.bibliotecadeseguranca.com.br\/fr\/wp-json\/wp\/v2\/types\/post"}],"author":[{"embeddable":true,"href":"https:\/\/www.bibliotecadeseguranca.com.br\/fr\/wp-json\/wp\/v2\/users\/3"}],"replies":[{"embeddable":true,"href":"https:\/\/www.bibliotecadeseguranca.com.br\/fr\/wp-json\/wp\/v2\/comments?post=16789"}],"version-history":[{"count":1,"href":"https:\/\/www.bibliotecadeseguranca.com.br\/fr\/wp-json\/wp\/v2\/posts\/16789\/revisions"}],"predecessor-version":[{"id":16791,"href":"https:\/\/www.bibliotecadeseguranca.com.br\/fr\/wp-json\/wp\/v2\/posts\/16789\/revisions\/16791"}],"wp:featuredmedia":[{"embeddable":true,"href":"https:\/\/www.bibliotecadeseguranca.com.br\/fr\/wp-json\/wp\/v2\/media\/16790"}],"wp:attachment":[{"href":"https:\/\/www.bibliotecadeseguranca.com.br\/fr\/wp-json\/wp\/v2\/media?parent=16789"}],"wp:term":[{"taxonomy":"category","embeddable":true,"href":"https:\/\/www.bibliotecadeseguranca.com.br\/fr\/wp-json\/wp\/v2\/categories?post=16789"},{"taxonomy":"post_tag","embeddable":true,"href":"https:\/\/www.bibliotecadeseguranca.com.br\/fr\/wp-json\/wp\/v2\/tags?post=16789"}],"curies":[{"name":"wp","href":"https:\/\/api.w.org\/{rel}","templated":true}]}}