{"id":16783,"date":"2020-09-25T14:00:40","date_gmt":"2020-09-25T17:00:40","guid":{"rendered":"https:\/\/www.bibliotecadeseguranca.com.br\/fr\/?p=16783"},"modified":"2020-09-25T11:51:22","modified_gmt":"2020-09-25T14:51:22","slug":"a-seguranca-privada-no-brasil-historico-e-evolucao","status":"publish","type":"post","link":"https:\/\/www.bibliotecadeseguranca.com.br\/fr\/livros\/a-seguranca-privada-no-brasil-historico-e-evolucao\/","title":{"rendered":"A Seguran\u00e7a Privada no Brasil: Hist\u00f3rico e Evolu\u00e7\u00e3o"},"content":{"rendered":"<p><span style=\"color: #003366;\"><strong><img loading=\"lazy\" decoding=\"async\" class=\"alignleft size-full wp-image-16784\" src=\"https:\/\/www.bibliotecadeseguranca.com.br\/fr\/wp-content\/uploads\/2020\/09\/a-seguranca-privada-no-brasil-historico-e-evolucao.jpg\" alt=\"A Seguran\u00e7a Privada no Brasil: Hist\u00f3rico e Evolu\u00e7\u00e3o\" width=\"145\" height=\"205\" srcset=\"https:\/\/www.bibliotecadeseguranca.com.br\/fr\/wp-content\/uploads\/2020\/09\/a-seguranca-privada-no-brasil-historico-e-evolucao.jpg 145w, https:\/\/www.bibliotecadeseguranca.com.br\/fr\/wp-content\/uploads\/2020\/09\/a-seguranca-privada-no-brasil-historico-e-evolucao-106x150.jpg 106w\" sizes=\"auto, (max-width: 145px) 100vw, 145px\" \/>Cl\u00e1udio dos Santos Moretti<\/strong><\/span><\/p>\n<p><span style=\"color: #003366;\"><strong>R\u00e9sum\u00e9:<\/strong><\/span> Este livro tem como objetivo dar diversos esclarecimentos quanto a atividade de seguran\u00e7a privada no Brasil, desde o in\u00edcio, com seu hist\u00f3rico de \u201cnascimento\u201d no contexto regulat\u00f3rio, em 1969 e suas aplica\u00e7\u00f5es e mudan\u00e7as de l\u00e1 at\u00e9 os tempos atuais, em 2020.<br \/>\nNesse per\u00edodo a legisla\u00e7\u00e3o aperfei\u00e7oou a fiscaliza\u00e7\u00e3o e o preparo dos seus profissionais, os vigilantes.<br \/>\nTamb\u00e9m, num per\u00edodo mais recente, surge a necessidade de formar o gestor, formalmente, nas universidades.<br \/>\nObservamos que, ainda de maneira formal, os profissionais de seguran\u00e7a, seja na sua atua\u00e7\u00e3o de supervis\u00e3o, gest\u00e3o ou dire\u00e7\u00e3o, buscam cada vez mais, o aprimoramento, seja atrav\u00e9s de cursos de extens\u00e3o universit\u00e1ria, especializa\u00e7\u00f5es<br \/>\ncomo p\u00f3s-gradua\u00e7\u00e3o e MBA mas tamb\u00e9m pela busca de certifica\u00e7\u00f5es que possam comprovar seu aprimoramento neste segmento.<br \/>\nA atividade de seguran\u00e7a privada ainda aguarda a promulga\u00e7\u00e3o de uma legisla\u00e7\u00e3o mais atualizada e que poder\u00e1 dar in\u00edcio a uma nova era desta atividade t\u00e3o importante no Brasil.<br \/>\nCom ela, espera-se a diminui\u00e7\u00e3o da atividade clandestina, que traz enormes perdas para o mercado de seguran\u00e7a e para os profissionais, realmente habilitados para trabalharem neste segmento.<br \/>\nO Brasil ainda tem muito para desenvolver nesta \u00e1rea e a converg\u00eancia dos interesses dos empres\u00e1rios, profissionais de seguran\u00e7a e das autoridades que est\u00e3o trabalhando no sentido de dar as melhores solu\u00e7\u00f5es, legislativa, de gest\u00e3o, de uso de tecnologia e de forma\u00e7\u00e3o profissional para auxiliar na seguran\u00e7a que a sociedade precisa e merece.<br \/>\nBoa leitura!<\/p>\n<p><a href=\"https:\/\/www.bibliotecadeseguranca.com.br\/wp-content\/uploads\/2020\/09\/a-seguranca-privada-no-brasil-historico-e-evolucao.pdf\" target=\"_blank\" rel=\"noopener\"><img loading=\"lazy\" decoding=\"async\" class=\"alignleft wp-image-12143 size-full\" src=\"https:\/\/www.bibliotecadeseguranca.com.br\/fr\/wp-content\/uploads\/2015\/03\/download_fr.gif\" alt=\"T\u00e9l\u00e9charger\" width=\"107\" height=\"25\" \/><\/a><\/p>\n","protected":false},"excerpt":{"rendered":"<p>Cl\u00e1udio dos Santos Moretti R\u00e9sum\u00e9: Este livro tem como objetivo dar diversos esclarecimentos quanto a atividade de seguran\u00e7a privada no Brasil, desde o in\u00edcio, com seu hist\u00f3rico de \u201cnascimento\u201d no contexto regulat\u00f3rio, em 1969 e suas aplica\u00e7\u00f5es e mudan\u00e7as de l\u00e1 at\u00e9 os tempos atuais, em 2020. Nesse per\u00edodo a legisla\u00e7\u00e3o aperfei\u00e7oou a fiscaliza\u00e7\u00e3o e o preparo dos seus profissionais, os vigilantes. Tamb\u00e9m, num per\u00edodo mais recente, surge a necessidade&hellip; <\/p>\n","protected":false},"author":3,"featured_media":16784,"comment_status":"open","ping_status":"closed","sticky":false,"template":"","format":"standard","meta":{"footnotes":""},"categories":[23,6,112],"tags":[],"class_list":["post-16783","post","type-post","status-publish","format-standard","has-post-thumbnail","hentry","category-gestao-da-seguranca-empresarial","category-livros","category-download"],"views":180,"_links":{"self":[{"href":"https:\/\/www.bibliotecadeseguranca.com.br\/fr\/wp-json\/wp\/v2\/posts\/16783","targetHints":{"allow":["GET"]}}],"collection":[{"href":"https:\/\/www.bibliotecadeseguranca.com.br\/fr\/wp-json\/wp\/v2\/posts"}],"about":[{"href":"https:\/\/www.bibliotecadeseguranca.com.br\/fr\/wp-json\/wp\/v2\/types\/post"}],"author":[{"embeddable":true,"href":"https:\/\/www.bibliotecadeseguranca.com.br\/fr\/wp-json\/wp\/v2\/users\/3"}],"replies":[{"embeddable":true,"href":"https:\/\/www.bibliotecadeseguranca.com.br\/fr\/wp-json\/wp\/v2\/comments?post=16783"}],"version-history":[{"count":1,"href":"https:\/\/www.bibliotecadeseguranca.com.br\/fr\/wp-json\/wp\/v2\/posts\/16783\/revisions"}],"predecessor-version":[{"id":16785,"href":"https:\/\/www.bibliotecadeseguranca.com.br\/fr\/wp-json\/wp\/v2\/posts\/16783\/revisions\/16785"}],"wp:featuredmedia":[{"embeddable":true,"href":"https:\/\/www.bibliotecadeseguranca.com.br\/fr\/wp-json\/wp\/v2\/media\/16784"}],"wp:attachment":[{"href":"https:\/\/www.bibliotecadeseguranca.com.br\/fr\/wp-json\/wp\/v2\/media?parent=16783"}],"wp:term":[{"taxonomy":"category","embeddable":true,"href":"https:\/\/www.bibliotecadeseguranca.com.br\/fr\/wp-json\/wp\/v2\/categories?post=16783"},{"taxonomy":"post_tag","embeddable":true,"href":"https:\/\/www.bibliotecadeseguranca.com.br\/fr\/wp-json\/wp\/v2\/tags?post=16783"}],"curies":[{"name":"wp","href":"https:\/\/api.w.org\/{rel}","templated":true}]}}