{"id":16773,"date":"2020-09-21T14:00:36","date_gmt":"2020-09-21T17:00:36","guid":{"rendered":"https:\/\/www.bibliotecadeseguranca.com.br\/fr\/?p=16773"},"modified":"2020-09-21T13:06:15","modified_gmt":"2020-09-21T16:06:15","slug":"lgpd-aplicacao-pratica-das-bases-legais","status":"publish","type":"post","link":"https:\/\/www.bibliotecadeseguranca.com.br\/fr\/livros\/lgpd-aplicacao-pratica-das-bases-legais\/","title":{"rendered":"LGPD: Aplica\u00e7\u00e3o Pr\u00e1tica das Bases Legais"},"content":{"rendered":"<p><span style=\"color: #003366;\"><strong><img loading=\"lazy\" decoding=\"async\" class=\"alignleft size-full wp-image-16774\" src=\"https:\/\/www.bibliotecadeseguranca.com.br\/fr\/wp-content\/uploads\/2020\/09\/lgpd-aplicacao-pratica-das-bases-legais.jpg\" alt=\"LGPD: Aplica\u00e7\u00e3o Pr\u00e1tica das Bases Legais\" width=\"145\" height=\"205\" srcset=\"https:\/\/www.bibliotecadeseguranca.com.br\/fr\/wp-content\/uploads\/2020\/09\/lgpd-aplicacao-pratica-das-bases-legais.jpg 145w, https:\/\/www.bibliotecadeseguranca.com.br\/fr\/wp-content\/uploads\/2020\/09\/lgpd-aplicacao-pratica-das-bases-legais-106x150.jpg 106w\" sizes=\"auto, (max-width: 145px) 100vw, 145px\" \/>Fernanda Maia<\/strong><\/span><\/p>\n<p><span style=\"color: #003366;\"><strong>R\u00e9sum\u00e9:<\/strong><\/span> A Lei Geral de Prote\u00e7\u00e3o de Dados Pessoais \u2013 Lei n\u00ba 13.709\/2018 (&#8220;LGPD&#8221;) estabelece as hip\u00f3teses que autorizam o tratamento de dados pessoais que, neste material, denominaremos \u201cbases legais\u201d.<br \/>\nAs bases legais da LGPD est\u00e3o divididas em dois artigos: (i) o artigo 7\u00ba, dedicado \u00e0s bases legais para tratamento de dados pessoais em geral (exceto os dados classificados como sens\u00edveis), e (ii) o artigo 11\u00ba, dedicado \u00e0s bases legais especificamente para tratamento de dados pessoais sens\u00edveis (isto \u00e9, dados pessoais sobre origem racial ou \u00e9tnica, convic\u00e7\u00e3o religiosa, opini\u00e3o pol\u00edtica, filia\u00e7\u00e3o a sindicato ou a organiza\u00e7\u00e3o de car\u00e1ter religioso, filos\u00f3fico ou pol\u00edtico, dado referente \u00e0 sa\u00fade ou \u00e0 vida sexual, dado gen\u00e9tico ou biom\u00e9trico).<br \/>\nAo realizar um tratamento de dados pessoais, caber\u00e1 ao controlador a obriga\u00e7\u00e3o de fundamentar cada atividade de tratamento em uma das bases legais estabelecidas pela LGPD.<br \/>\nEste e-book ir\u00e1 abordar as bases legais, mostrando exemplos pr\u00e1ticos de suas aplica\u00e7\u00f5es. Eventual utiliza\u00e7\u00e3o concreta dever\u00e1 ser analisada caso a caso pelo leitor, sendo os coment\u00e1rios aqui descritos meramente informativos, n\u00e3o<br \/>\ndevendo substituir o necess\u00e1rio aconselhamento jur\u00eddico para an\u00e1lise da aplica\u00e7\u00e3o da lei ao seu contexto espec\u00edfico.<br \/>\n\u00c9 importante destacarmos que n\u00e3o basta fundamentar o tratamento de dados pessoais em uma das bases legais para que este tratamento seja considerado leg\u00edtimo. Al\u00e9m desse enquadramento, \u00e9 imprescind\u00edvel que sejam observados todos os princ\u00edpios da lei (vide art. 6\u00ba, LGPD), independentemente da base legal adotada para determinado tratamento de dados pessoais.<\/p>\n<p><a href=\"https:\/\/www.bibliotecadeseguranca.com.br\/wp-content\/uploads\/2020\/09\/lgpd-aplicacao-pratica-das-bases-legais.pdf\" target=\"_blank\" rel=\"noopener\"><img loading=\"lazy\" decoding=\"async\" class=\"alignleft wp-image-12143 size-full\" src=\"https:\/\/www.bibliotecadeseguranca.com.br\/fr\/wp-content\/uploads\/2015\/03\/download_fr.gif\" alt=\"T\u00e9l\u00e9charger\" width=\"107\" height=\"25\" \/><\/a><\/p>\n","protected":false},"excerpt":{"rendered":"<p>Fernanda Maia R\u00e9sum\u00e9: A Lei Geral de Prote\u00e7\u00e3o de Dados Pessoais \u2013 Lei n\u00ba 13.709\/2018 (&#8220;LGPD&#8221;) estabelece as hip\u00f3teses que autorizam o tratamento de dados pessoais que, neste material, denominaremos \u201cbases legais\u201d. As bases legais da LGPD est\u00e3o divididas em dois artigos: (i) o artigo 7\u00ba, dedicado \u00e0s bases legais para tratamento de dados pessoais em geral (exceto os dados classificados como sens\u00edveis), e (ii) o artigo 11\u00ba, dedicado \u00e0s&hellip; <\/p>\n","protected":false},"author":3,"featured_media":16774,"comment_status":"open","ping_status":"closed","sticky":false,"template":"","format":"standard","meta":{"footnotes":""},"categories":[6,20,112],"tags":[],"class_list":["post-16773","post","type-post","status-publish","format-standard","has-post-thumbnail","hentry","category-livros","category-seguranca-da-informacao","category-download"],"views":274,"_links":{"self":[{"href":"https:\/\/www.bibliotecadeseguranca.com.br\/fr\/wp-json\/wp\/v2\/posts\/16773","targetHints":{"allow":["GET"]}}],"collection":[{"href":"https:\/\/www.bibliotecadeseguranca.com.br\/fr\/wp-json\/wp\/v2\/posts"}],"about":[{"href":"https:\/\/www.bibliotecadeseguranca.com.br\/fr\/wp-json\/wp\/v2\/types\/post"}],"author":[{"embeddable":true,"href":"https:\/\/www.bibliotecadeseguranca.com.br\/fr\/wp-json\/wp\/v2\/users\/3"}],"replies":[{"embeddable":true,"href":"https:\/\/www.bibliotecadeseguranca.com.br\/fr\/wp-json\/wp\/v2\/comments?post=16773"}],"version-history":[{"count":1,"href":"https:\/\/www.bibliotecadeseguranca.com.br\/fr\/wp-json\/wp\/v2\/posts\/16773\/revisions"}],"predecessor-version":[{"id":16775,"href":"https:\/\/www.bibliotecadeseguranca.com.br\/fr\/wp-json\/wp\/v2\/posts\/16773\/revisions\/16775"}],"wp:featuredmedia":[{"embeddable":true,"href":"https:\/\/www.bibliotecadeseguranca.com.br\/fr\/wp-json\/wp\/v2\/media\/16774"}],"wp:attachment":[{"href":"https:\/\/www.bibliotecadeseguranca.com.br\/fr\/wp-json\/wp\/v2\/media?parent=16773"}],"wp:term":[{"taxonomy":"category","embeddable":true,"href":"https:\/\/www.bibliotecadeseguranca.com.br\/fr\/wp-json\/wp\/v2\/categories?post=16773"},{"taxonomy":"post_tag","embeddable":true,"href":"https:\/\/www.bibliotecadeseguranca.com.br\/fr\/wp-json\/wp\/v2\/tags?post=16773"}],"curies":[{"name":"wp","href":"https:\/\/api.w.org\/{rel}","templated":true}]}}