{"id":16767,"date":"2020-09-18T14:00:23","date_gmt":"2020-09-18T17:00:23","guid":{"rendered":"https:\/\/www.bibliotecadeseguranca.com.br\/fr\/?p=16767"},"modified":"2020-09-18T13:01:47","modified_gmt":"2020-09-18T16:01:47","slug":"as-agressoes-nos-bares-e-nas-suas-imediacoes","status":"publish","type":"post","link":"https:\/\/www.bibliotecadeseguranca.com.br\/fr\/livros\/as-agressoes-nos-bares-e-nas-suas-imediacoes\/","title":{"rendered":"As Agress\u00f5es nos Bares e nas suas Imedia\u00e7\u00f5es"},"content":{"rendered":"<p><span style=\"color: #003366;\"><strong><img loading=\"lazy\" decoding=\"async\" class=\"alignleft size-full wp-image-16768\" src=\"https:\/\/www.bibliotecadeseguranca.com.br\/fr\/wp-content\/uploads\/2020\/09\/as-agressoes-nos-bares-e-nas-suas-imediacoes.jpg\" alt=\"As Agress\u00f5es nos Bares e nas suas Imedia\u00e7\u00f5es\" width=\"145\" height=\"205\" srcset=\"https:\/\/www.bibliotecadeseguranca.com.br\/fr\/wp-content\/uploads\/2020\/09\/as-agressoes-nos-bares-e-nas-suas-imediacoes.jpg 145w, https:\/\/www.bibliotecadeseguranca.com.br\/fr\/wp-content\/uploads\/2020\/09\/as-agressoes-nos-bares-e-nas-suas-imediacoes-106x150.jpg 106w\" sizes=\"auto, (max-width: 145px) 100vw, 145px\" \/>Michael S. Scott, Kelly Dedel<\/strong><\/span><\/p>\n<p><span style=\"color: #003366;\"><strong>Pol\u00edcia de Seguran\u00e7a P\u00fablica &#8211; Comando Distrital de Pol\u00edcia de Aveiro<\/strong><\/span><\/p>\n<p><span style=\"color: #003366;\"><strong>R\u00e9sum\u00e9:<\/strong><\/span> Este guia lida com o problema das agress\u00f5es que ocorrem no interior dos bares (e, de uma maneira geral, em todos os outros locais de divers\u00e3o noturna) e nas suas imedia\u00e7\u00f5es. \u00a7 Todos sabemos bastante acerca dos fatores de risco que est\u00e3o subjacentes a estas agress\u00f5es e acerca das respostas mais eficazes a empregar. Muito menos sabemos acerca de quais as respostas, em particular, que s\u00e3o mais eficazes para tratar de alguns aspetos espec\u00edficos do problema. Por isso, o desafio que a nos \u00e9 colocado consiste na realiza\u00e7\u00e3o de uma boa an\u00e1lise ao problema local, guiados pela informa\u00e7\u00e3o que aqui \u00e9 disponibilizada, e em se arranjar uma combina\u00e7\u00e3o de respostas que seja mais adequada para tratar do problema.<br \/>\nO guia come\u00e7a por rever os fatores que contribuem para o aumento dos riscos de agress\u00e3o nos bares e nas suas imedia\u00e7\u00f5es. De seguida, identifica uma s\u00e9rie de quest\u00f5es que poder\u00e3o ajudarnos a analisar o nosso problema local de agress\u00f5es nos bares e nas suas imedia\u00e7\u00f5es. Finalmente, \u00e9 feita uma revis\u00e3o \u00e0s respostas ao problema e ao que \u00e9 conhecido acerca dele, dos estudos avaliativos realizados e das pr\u00e1ticas policiais conhecidas.<br \/>\nA prolifera\u00e7\u00e3o de bares, em muitas comunidades, tem levado a um aumento das agress\u00f5es que ocorrem naqueles estabelecimentos e nas suas imedia\u00e7\u00f5es. Enquanto muitas destas agress\u00f5es, se n\u00e3o a maioria, est\u00e3o relacionadas com o consumo de \u00e1lcool, as ofensas corporais tamb\u00e9m ocorrem quando nem o agressor nem a v\u00edtima se encontram embriagados. Muitas das agress\u00f5es ocorrem nas noites de fim-de-semana.1 A maioria das agress\u00f5es ocorre num n\u00famero relativamente pequeno de locais.2, \u00a7\u00a7 Nem todas as agress\u00f5es ocorrem numa simples luta \u201ca murro\u201d com um in\u00edcio e um fim claros; de facto, os incidentes s\u00e3o, frequentemente, muito mais amb\u00edguos e complicados. Por exemplo, alguns conflitos s\u00e3o intermitentes, surgindo e terminando subitamente para voltarem a ressurgir pouco tempo depois, alguns evoluem para incidentes diferentes, e muitos envolvem participantes que alternam o seu papel entre o de<br \/>\nagressor e o de apaziguador e, frequentemente, chamando mais pessoas para o incidente.3 Alguns envolvem baixos n\u00edveis de agress\u00e3o (empurr\u00f5es, estaladas), outros envolvem viol\u00eancia mais grave (pontap\u00e9s, socos) e, ainda outros, envolvem o uso de armas. Muitas das ofensas corporais que obrigam a receber tratamento hospitalar, especialmente aos ferimentos causados na cabe\u00e7a, est\u00e3o relacionados com agress\u00f5es nos bares e nas suas imedia\u00e7\u00f5es.<\/p>\n<p><a href=\"https:\/\/www.bibliotecadeseguranca.com.br\/wp-content\/uploads\/2020\/09\/as-agressoes-nos-bares-e-nas-suas-imediacoes.pdf\" target=\"_blank\" rel=\"noopener\"><img loading=\"lazy\" decoding=\"async\" class=\"alignleft wp-image-12143 size-full\" src=\"https:\/\/www.bibliotecadeseguranca.com.br\/fr\/wp-content\/uploads\/2015\/03\/download_fr.gif\" alt=\"T\u00e9l\u00e9charger\" width=\"107\" height=\"25\" \/><\/a><\/p>\n","protected":false},"excerpt":{"rendered":"<p>Michael S. Scott, Kelly Dedel Pol\u00edcia de Seguran\u00e7a P\u00fablica &#8211; Comando Distrital de Pol\u00edcia de Aveiro R\u00e9sum\u00e9: Este guia lida com o problema das agress\u00f5es que ocorrem no interior dos bares (e, de uma maneira geral, em todos os outros locais de divers\u00e3o noturna) e nas suas imedia\u00e7\u00f5es. \u00a7 Todos sabemos bastante acerca dos fatores de risco que est\u00e3o subjacentes a estas agress\u00f5es e acerca das respostas mais eficazes a&hellip; <\/p>\n","protected":false},"author":3,"featured_media":16768,"comment_status":"open","ping_status":"closed","sticky":false,"template":"","format":"standard","meta":{"footnotes":""},"categories":[10,6,25,112],"tags":[],"class_list":["post-16767","post","type-post","status-publish","format-standard","has-post-thumbnail","hentry","category-crime-violencia-e-criminologia","category-livros","category-seguranca-publica-e-defesa","category-download"],"views":190,"_links":{"self":[{"href":"https:\/\/www.bibliotecadeseguranca.com.br\/fr\/wp-json\/wp\/v2\/posts\/16767","targetHints":{"allow":["GET"]}}],"collection":[{"href":"https:\/\/www.bibliotecadeseguranca.com.br\/fr\/wp-json\/wp\/v2\/posts"}],"about":[{"href":"https:\/\/www.bibliotecadeseguranca.com.br\/fr\/wp-json\/wp\/v2\/types\/post"}],"author":[{"embeddable":true,"href":"https:\/\/www.bibliotecadeseguranca.com.br\/fr\/wp-json\/wp\/v2\/users\/3"}],"replies":[{"embeddable":true,"href":"https:\/\/www.bibliotecadeseguranca.com.br\/fr\/wp-json\/wp\/v2\/comments?post=16767"}],"version-history":[{"count":1,"href":"https:\/\/www.bibliotecadeseguranca.com.br\/fr\/wp-json\/wp\/v2\/posts\/16767\/revisions"}],"predecessor-version":[{"id":16769,"href":"https:\/\/www.bibliotecadeseguranca.com.br\/fr\/wp-json\/wp\/v2\/posts\/16767\/revisions\/16769"}],"wp:featuredmedia":[{"embeddable":true,"href":"https:\/\/www.bibliotecadeseguranca.com.br\/fr\/wp-json\/wp\/v2\/media\/16768"}],"wp:attachment":[{"href":"https:\/\/www.bibliotecadeseguranca.com.br\/fr\/wp-json\/wp\/v2\/media?parent=16767"}],"wp:term":[{"taxonomy":"category","embeddable":true,"href":"https:\/\/www.bibliotecadeseguranca.com.br\/fr\/wp-json\/wp\/v2\/categories?post=16767"},{"taxonomy":"post_tag","embeddable":true,"href":"https:\/\/www.bibliotecadeseguranca.com.br\/fr\/wp-json\/wp\/v2\/tags?post=16767"}],"curies":[{"name":"wp","href":"https:\/\/api.w.org\/{rel}","templated":true}]}}