{"id":16751,"date":"2020-09-11T14:00:59","date_gmt":"2020-09-11T17:00:59","guid":{"rendered":"https:\/\/www.bibliotecadeseguranca.com.br\/fr\/?p=16751"},"modified":"2020-09-11T13:37:12","modified_gmt":"2020-09-11T16:37:12","slug":"telemedicina-perspectivas-e-consideracoes-em-relacao-a-privacidade-e-protecao-de-dados","status":"publish","type":"post","link":"https:\/\/www.bibliotecadeseguranca.com.br\/fr\/livros\/telemedicina-perspectivas-e-consideracoes-em-relacao-a-privacidade-e-protecao-de-dados\/","title":{"rendered":"Telemedicina &#8211; Perspectivas e Considera\u00e7\u00f5es em Rela\u00e7\u00e3o \u00e0 Privacidade e Prote\u00e7\u00e3o de Dados"},"content":{"rendered":"<p><span style=\"color: #003366;\"><strong><img loading=\"lazy\" decoding=\"async\" class=\"alignleft size-full wp-image-16752\" src=\"https:\/\/www.bibliotecadeseguranca.com.br\/fr\/wp-content\/uploads\/2020\/09\/telemedicina-perspectivas-e-consideracoes-em-relacao-a-privacidade-e-protecao-de-dados.jpg\" alt=\"Telemedicina - Perspectivas e Considera\u00e7\u00f5es em Rela\u00e7\u00e3o \u00e0 Privacidade e Prote\u00e7\u00e3o de Dados\" width=\"145\" height=\"205\" srcset=\"https:\/\/www.bibliotecadeseguranca.com.br\/fr\/wp-content\/uploads\/2020\/09\/telemedicina-perspectivas-e-consideracoes-em-relacao-a-privacidade-e-protecao-de-dados.jpg 145w, https:\/\/www.bibliotecadeseguranca.com.br\/fr\/wp-content\/uploads\/2020\/09\/telemedicina-perspectivas-e-consideracoes-em-relacao-a-privacidade-e-protecao-de-dados-106x150.jpg 106w\" sizes=\"auto, (max-width: 145px) 100vw, 145px\" \/>\u00c2ngela Rosso, Carla Freitas, F\u00e1bio Aspis, Lidiane Mazzoni<\/strong><\/span><\/p>\n<p><span style=\"color: #003366;\"><strong>R\u00e9sum\u00e9:<\/strong><\/span> Vivemos o contexto de uma pandemia que alterou profundamente v\u00e1rios aspectos de nossas vidas. Com a restri\u00e7\u00e3o ao conv\u00edvio presencial e com a indica\u00e7\u00e3o de que evitar ambientes p\u00fablicos inclusive casas de sa\u00fade e consult\u00f3rios m\u00e9dicos \u00e9 uma medida adequada em tempos de afastamento social tornou-se ainda mais necess\u00e1rio viabilizar um novo meio de contato entre profissionais da sa\u00fade e pacientes, afinal apesar do novo cen\u00e1rio todo voltado para a nova doen\u00e7a outros males continuam a afetar a vida de todos n\u00f3s.<br \/>\nN\u00e3o houve, portanto, alternativa para o poder p\u00fablico que n\u00e3o fosse regularizar o atendimento envolvendo quest\u00f5es de sa\u00fade tamb\u00e9m \u00e0 dist\u00e2ncia. O assunto que j\u00e1 vinha sendo debatido ao longo do tempo pelos \u00f3rg\u00e3os regulamentadores das categorias ligadas \u00e0 \u00e1rea da sa\u00fade como decorr\u00eancia natural da pr\u00f3pria evolu\u00e7\u00e3o tecnol\u00f3gica ganhou um novo catalisador com o poder arrasador de dissemina\u00e7\u00e3o do Coronav\u00edrus. Dessa forma em abril de 2020 foi publicada no Di\u00e1rio<br \/>\nOficial da Uni\u00e3o a Lei n\u00ba 13.989 que autorizou de forma emergencial o uso da telemedicina, que consiste no exerc\u00edcio da medicina mediado por tecnologias para fins de assist\u00eancia, pesquisa, preven\u00e7\u00e3o de doen\u00e7as e les\u00f5es e promo\u00e7\u00e3o de sa\u00fade, nos termos da pr\u00f3pria lei.<\/p>\n<p><a href=\"https:\/\/www.bibliotecadeseguranca.com.br\/wp-content\/uploads\/2020\/09\/telemedicina-perspectivas-e-consideracoes-em-relacao-a-privacidade-e-protecao-de-dados.pdf\" target=\"_blank\" rel=\"noopener\"><img loading=\"lazy\" decoding=\"async\" class=\"alignleft wp-image-12143 size-full\" src=\"https:\/\/www.bibliotecadeseguranca.com.br\/fr\/wp-content\/uploads\/2015\/03\/download_fr.gif\" alt=\"T\u00e9l\u00e9charger\" width=\"107\" height=\"25\" \/><\/a><\/p>\n","protected":false},"excerpt":{"rendered":"<p>\u00c2ngela Rosso, Carla Freitas, F\u00e1bio Aspis, Lidiane Mazzoni R\u00e9sum\u00e9: Vivemos o contexto de uma pandemia que alterou profundamente v\u00e1rios aspectos de nossas vidas. Com a restri\u00e7\u00e3o ao conv\u00edvio presencial e com a indica\u00e7\u00e3o de que evitar ambientes p\u00fablicos inclusive casas de sa\u00fade e consult\u00f3rios m\u00e9dicos \u00e9 uma medida adequada em tempos de afastamento social tornou-se ainda mais necess\u00e1rio viabilizar um novo meio de contato entre profissionais da sa\u00fade e pacientes,&hellip; <\/p>\n","protected":false},"author":3,"featured_media":16752,"comment_status":"open","ping_status":"closed","sticky":false,"template":"","format":"standard","meta":{"footnotes":""},"categories":[6,20,112],"tags":[],"class_list":["post-16751","post","type-post","status-publish","format-standard","has-post-thumbnail","hentry","category-livros","category-seguranca-da-informacao","category-download"],"views":107,"_links":{"self":[{"href":"https:\/\/www.bibliotecadeseguranca.com.br\/fr\/wp-json\/wp\/v2\/posts\/16751","targetHints":{"allow":["GET"]}}],"collection":[{"href":"https:\/\/www.bibliotecadeseguranca.com.br\/fr\/wp-json\/wp\/v2\/posts"}],"about":[{"href":"https:\/\/www.bibliotecadeseguranca.com.br\/fr\/wp-json\/wp\/v2\/types\/post"}],"author":[{"embeddable":true,"href":"https:\/\/www.bibliotecadeseguranca.com.br\/fr\/wp-json\/wp\/v2\/users\/3"}],"replies":[{"embeddable":true,"href":"https:\/\/www.bibliotecadeseguranca.com.br\/fr\/wp-json\/wp\/v2\/comments?post=16751"}],"version-history":[{"count":1,"href":"https:\/\/www.bibliotecadeseguranca.com.br\/fr\/wp-json\/wp\/v2\/posts\/16751\/revisions"}],"predecessor-version":[{"id":16753,"href":"https:\/\/www.bibliotecadeseguranca.com.br\/fr\/wp-json\/wp\/v2\/posts\/16751\/revisions\/16753"}],"wp:featuredmedia":[{"embeddable":true,"href":"https:\/\/www.bibliotecadeseguranca.com.br\/fr\/wp-json\/wp\/v2\/media\/16752"}],"wp:attachment":[{"href":"https:\/\/www.bibliotecadeseguranca.com.br\/fr\/wp-json\/wp\/v2\/media?parent=16751"}],"wp:term":[{"taxonomy":"category","embeddable":true,"href":"https:\/\/www.bibliotecadeseguranca.com.br\/fr\/wp-json\/wp\/v2\/categories?post=16751"},{"taxonomy":"post_tag","embeddable":true,"href":"https:\/\/www.bibliotecadeseguranca.com.br\/fr\/wp-json\/wp\/v2\/tags?post=16751"}],"curies":[{"name":"wp","href":"https:\/\/api.w.org\/{rel}","templated":true}]}}