{"id":16733,"date":"2020-09-04T14:00:00","date_gmt":"2020-09-04T17:00:00","guid":{"rendered":"https:\/\/www.bibliotecadeseguranca.com.br\/fr\/?p=16733"},"modified":"2020-09-04T13:27:56","modified_gmt":"2020-09-04T16:27:56","slug":"gestao-de-riscos-corporativos-3","status":"publish","type":"post","link":"https:\/\/www.bibliotecadeseguranca.com.br\/fr\/livros\/gestao-de-riscos-corporativos-3\/","title":{"rendered":"Gest\u00e3o de Riscos Corporativos"},"content":{"rendered":"<p><span style=\"color: #003366;\"><strong><img loading=\"lazy\" decoding=\"async\" class=\"alignleft size-full wp-image-16734\" src=\"https:\/\/www.bibliotecadeseguranca.com.br\/fr\/wp-content\/uploads\/2020\/09\/gestao-de-riscos-corporativos.jpg\" alt=\"Gest\u00e3o de Riscos Corporativos\" width=\"145\" height=\"205\" srcset=\"https:\/\/www.bibliotecadeseguranca.com.br\/fr\/wp-content\/uploads\/2020\/09\/gestao-de-riscos-corporativos.jpg 145w, https:\/\/www.bibliotecadeseguranca.com.br\/fr\/wp-content\/uploads\/2020\/09\/gestao-de-riscos-corporativos-106x150.jpg 106w\" sizes=\"auto, (max-width: 145px) 100vw, 145px\" \/>C\u00e9sar Ramos<\/strong><\/span><\/p>\n<p><span style=\"color: #003366;\"><strong>Maison d&#8217;\u00e9dition C\u00e9sar Ramos &amp; Cia Ltda<\/strong><\/span><\/p>\n<p><span style=\"color: #003366;\"><strong>R\u00e9sum\u00e9:<\/strong><\/span> O objetivo deste livro \u00e9 ajudar os gestores de riscos corporativos a implantar processos organizados, l\u00f3gicos e integrados de gest\u00e3o e an\u00e1lise dos riscos e mostrar quais s\u00e3o os principais fatores cr\u00edticos, as metodologias e as ferramentas concretas de integra\u00e7\u00e3o de um sistema eficaz de gest\u00e3o dos riscos corporativos nos controles internos e na governan\u00e7a corporativa das organiza\u00e7\u00f5es.<\/p>\n","protected":false},"excerpt":{"rendered":"<p>C\u00e9sar Ramos Maison d&#8217;\u00e9dition C\u00e9sar Ramos &amp; Cia Ltda R\u00e9sum\u00e9: O objetivo deste livro \u00e9 ajudar os gestores de riscos corporativos a implantar processos organizados, l\u00f3gicos e integrados de gest\u00e3o e an\u00e1lise dos riscos e mostrar quais s\u00e3o os principais fatores cr\u00edticos, as metodologias e as ferramentas concretas de integra\u00e7\u00e3o de um sistema eficaz de gest\u00e3o dos riscos corporativos nos controles internos e na governan\u00e7a corporativa das organiza\u00e7\u00f5es.<\/p>\n","protected":false},"author":3,"featured_media":16734,"comment_status":"open","ping_status":"closed","sticky":false,"template":"","format":"standard","meta":{"footnotes":""},"categories":[14,6,19],"tags":[],"class_list":["post-16733","post","type-post","status-publish","format-standard","has-post-thumbnail","hentry","category-administracao-e-estrategia-empresarial","category-livros","category-risco-e-perdas"],"views":116,"_links":{"self":[{"href":"https:\/\/www.bibliotecadeseguranca.com.br\/fr\/wp-json\/wp\/v2\/posts\/16733","targetHints":{"allow":["GET"]}}],"collection":[{"href":"https:\/\/www.bibliotecadeseguranca.com.br\/fr\/wp-json\/wp\/v2\/posts"}],"about":[{"href":"https:\/\/www.bibliotecadeseguranca.com.br\/fr\/wp-json\/wp\/v2\/types\/post"}],"author":[{"embeddable":true,"href":"https:\/\/www.bibliotecadeseguranca.com.br\/fr\/wp-json\/wp\/v2\/users\/3"}],"replies":[{"embeddable":true,"href":"https:\/\/www.bibliotecadeseguranca.com.br\/fr\/wp-json\/wp\/v2\/comments?post=16733"}],"version-history":[{"count":1,"href":"https:\/\/www.bibliotecadeseguranca.com.br\/fr\/wp-json\/wp\/v2\/posts\/16733\/revisions"}],"predecessor-version":[{"id":16735,"href":"https:\/\/www.bibliotecadeseguranca.com.br\/fr\/wp-json\/wp\/v2\/posts\/16733\/revisions\/16735"}],"wp:featuredmedia":[{"embeddable":true,"href":"https:\/\/www.bibliotecadeseguranca.com.br\/fr\/wp-json\/wp\/v2\/media\/16734"}],"wp:attachment":[{"href":"https:\/\/www.bibliotecadeseguranca.com.br\/fr\/wp-json\/wp\/v2\/media?parent=16733"}],"wp:term":[{"taxonomy":"category","embeddable":true,"href":"https:\/\/www.bibliotecadeseguranca.com.br\/fr\/wp-json\/wp\/v2\/categories?post=16733"},{"taxonomy":"post_tag","embeddable":true,"href":"https:\/\/www.bibliotecadeseguranca.com.br\/fr\/wp-json\/wp\/v2\/tags?post=16733"}],"curies":[{"name":"wp","href":"https:\/\/api.w.org\/{rel}","templated":true}]}}