{"id":16727,"date":"2020-09-01T14:00:18","date_gmt":"2020-09-01T17:00:18","guid":{"rendered":"https:\/\/www.bibliotecadeseguranca.com.br\/fr\/?p=16727"},"modified":"2020-09-01T12:04:08","modified_gmt":"2020-09-01T15:04:08","slug":"lei-geral-de-protecao-de-dados","status":"publish","type":"post","link":"https:\/\/www.bibliotecadeseguranca.com.br\/fr\/livros\/lei-geral-de-protecao-de-dados\/","title":{"rendered":"Lei Geral de Prote\u00e7\u00e3o de Dados"},"content":{"rendered":"<p><span style=\"color: #003366;\"><strong><img loading=\"lazy\" decoding=\"async\" class=\"alignleft size-full wp-image-16728\" src=\"https:\/\/www.bibliotecadeseguranca.com.br\/fr\/wp-content\/uploads\/2020\/09\/lei-geral-de-protecao-de-dados.jpg\" alt=\"Lei Geral de Prote\u00e7\u00e3o de Dados\" width=\"145\" height=\"205\" srcset=\"https:\/\/www.bibliotecadeseguranca.com.br\/fr\/wp-content\/uploads\/2020\/09\/lei-geral-de-protecao-de-dados.jpg 145w, https:\/\/www.bibliotecadeseguranca.com.br\/fr\/wp-content\/uploads\/2020\/09\/lei-geral-de-protecao-de-dados-106x150.jpg 106w\" sizes=\"auto, (max-width: 145px) 100vw, 145px\" \/>Nivio J\u00fanior Lewis Delgado<\/strong><\/span><\/p>\n<p><span style=\"color: #003366;\"><strong>Fundacred<\/strong><\/span><\/p>\n<p><span style=\"color: #003366;\"><strong>R\u00e9sum\u00e9:<\/strong><\/span> Desde 2017, temos um Comit\u00ea de Seguran\u00e7a da Informa\u00e7\u00e3o ligado diretamente \u00e0 dire\u00e7\u00e3o e, a partir de 2018, implantamos um programa espec\u00edfico para recepcionar a Lei Geral de Prote\u00e7\u00e3o de Dados, dispositivo legal que disp\u00f5e sobre normas internacionalmente consagradas, gerando converg\u00eancia e dando melhor sentido para alguns princ\u00edpios e regras j\u00e1 previstos no ordenamento jur\u00eddico brasileiro.<br \/>\nEm 2019, nosso time de gerentes, supervisores e coordenadores recebeu treinamentos, ultrapassando centenas de horas em capacita\u00e7\u00f5es. Todas as \u00e1reas da organiza\u00e7\u00e3o participaram e ainda participam dessa jornada. Provedores de<br \/>\nconte\u00fado e especialistas em Direito Digital, Privacidade e Prote\u00e7\u00e3o de Dados como Insper, Opice Blum Academy e Data Privacy Academy foram fundamentais para nossa conscientiza\u00e7\u00e3o.<br \/>\nDesde a concep\u00e7\u00e3o do programa, t\u00ednhamos consci\u00eancia de que esta seria uma oportunidade valiosa de, novamente, colaborarmos com a constru\u00e7\u00e3o de um ambiente de melhor conviv\u00eancia onde atuamos. De imediato, houve uma forte identifica\u00e7\u00e3o do time com os princ\u00edpios que a LGPD trouxe.<br \/>\nNo decorrer do processo de implanta\u00e7\u00e3o do programa e durante a jornada de implementa\u00e7\u00e3o, percebemos o quanto de ganho, tang\u00edvel e intang\u00edvel, poder\u00edamos obter. In\u00fameros processos que j\u00e1 consider\u00e1vamos lean foram revistos e tornados ainda mais enxutos, gerando economias importantes, al\u00e9m da redu\u00e7\u00e3o de res\u00edduos, inclusive digitais.<\/p>\n<p><a href=\"https:\/\/www.bibliotecadeseguranca.com.br\/wp-content\/uploads\/2020\/09\/lei-geral-de-protecao-de-dados.pdf\" target=\"_blank\" rel=\"noopener\"><img loading=\"lazy\" decoding=\"async\" class=\"alignleft wp-image-12143 size-full\" src=\"https:\/\/www.bibliotecadeseguranca.com.br\/fr\/wp-content\/uploads\/2015\/03\/download_fr.gif\" alt=\"T\u00e9l\u00e9charger\" width=\"107\" height=\"25\" \/><\/a><\/p>\n","protected":false},"excerpt":{"rendered":"<p>Nivio J\u00fanior Lewis Delgado Fundacred R\u00e9sum\u00e9: Desde 2017, temos um Comit\u00ea de Seguran\u00e7a da Informa\u00e7\u00e3o ligado diretamente \u00e0 dire\u00e7\u00e3o e, a partir de 2018, implantamos um programa espec\u00edfico para recepcionar a Lei Geral de Prote\u00e7\u00e3o de Dados, dispositivo legal que disp\u00f5e sobre normas internacionalmente consagradas, gerando converg\u00eancia e dando melhor sentido para alguns princ\u00edpios e regras j\u00e1 previstos no ordenamento jur\u00eddico brasileiro. Em 2019, nosso time de gerentes, supervisores e&hellip; <\/p>\n","protected":false},"author":3,"featured_media":16728,"comment_status":"open","ping_status":"closed","sticky":false,"template":"","format":"standard","meta":{"footnotes":""},"categories":[6,20,112],"tags":[],"class_list":["post-16727","post","type-post","status-publish","format-standard","has-post-thumbnail","hentry","category-livros","category-seguranca-da-informacao","category-download"],"views":109,"_links":{"self":[{"href":"https:\/\/www.bibliotecadeseguranca.com.br\/fr\/wp-json\/wp\/v2\/posts\/16727","targetHints":{"allow":["GET"]}}],"collection":[{"href":"https:\/\/www.bibliotecadeseguranca.com.br\/fr\/wp-json\/wp\/v2\/posts"}],"about":[{"href":"https:\/\/www.bibliotecadeseguranca.com.br\/fr\/wp-json\/wp\/v2\/types\/post"}],"author":[{"embeddable":true,"href":"https:\/\/www.bibliotecadeseguranca.com.br\/fr\/wp-json\/wp\/v2\/users\/3"}],"replies":[{"embeddable":true,"href":"https:\/\/www.bibliotecadeseguranca.com.br\/fr\/wp-json\/wp\/v2\/comments?post=16727"}],"version-history":[{"count":1,"href":"https:\/\/www.bibliotecadeseguranca.com.br\/fr\/wp-json\/wp\/v2\/posts\/16727\/revisions"}],"predecessor-version":[{"id":16729,"href":"https:\/\/www.bibliotecadeseguranca.com.br\/fr\/wp-json\/wp\/v2\/posts\/16727\/revisions\/16729"}],"wp:featuredmedia":[{"embeddable":true,"href":"https:\/\/www.bibliotecadeseguranca.com.br\/fr\/wp-json\/wp\/v2\/media\/16728"}],"wp:attachment":[{"href":"https:\/\/www.bibliotecadeseguranca.com.br\/fr\/wp-json\/wp\/v2\/media?parent=16727"}],"wp:term":[{"taxonomy":"category","embeddable":true,"href":"https:\/\/www.bibliotecadeseguranca.com.br\/fr\/wp-json\/wp\/v2\/categories?post=16727"},{"taxonomy":"post_tag","embeddable":true,"href":"https:\/\/www.bibliotecadeseguranca.com.br\/fr\/wp-json\/wp\/v2\/tags?post=16727"}],"curies":[{"name":"wp","href":"https:\/\/api.w.org\/{rel}","templated":true}]}}