{"id":16708,"date":"2020-08-24T14:00:28","date_gmt":"2020-08-24T17:00:28","guid":{"rendered":"https:\/\/www.bibliotecadeseguranca.com.br\/fr\/?p=16708"},"modified":"2020-08-24T11:28:51","modified_gmt":"2020-08-24T14:28:51","slug":"coletanea-gerenciamento-de-crises-corporativas","status":"publish","type":"post","link":"https:\/\/www.bibliotecadeseguranca.com.br\/fr\/livros\/coletanea-gerenciamento-de-crises-corporativas\/","title":{"rendered":"Colet\u00e2nea Gerenciamento de Crises Corporativas"},"content":{"rendered":"<p><span style=\"color: #003366;\"><strong><img loading=\"lazy\" decoding=\"async\" class=\"alignleft size-full wp-image-16709\" src=\"https:\/\/www.bibliotecadeseguranca.com.br\/fr\/wp-content\/uploads\/2020\/08\/coletanea-gerenciamento-de-crises-corporativas.jpg\" alt=\"Colet\u00e2nea Gerenciamento de Crises Corporativas\" width=\"145\" height=\"205\" srcset=\"https:\/\/www.bibliotecadeseguranca.com.br\/fr\/wp-content\/uploads\/2020\/08\/coletanea-gerenciamento-de-crises-corporativas.jpg 145w, https:\/\/www.bibliotecadeseguranca.com.br\/fr\/wp-content\/uploads\/2020\/08\/coletanea-gerenciamento-de-crises-corporativas-106x150.jpg 106w\" sizes=\"auto, (max-width: 145px) 100vw, 145px\" \/>Cl\u00e1udio dos Santos Moretti<\/strong><\/span><\/p>\n<p><span style=\"color: #003366;\"><strong>R\u00e9sum\u00e9:<\/strong><\/span> Este E-book foi elaborado a partir de diversos artigos publicados no Jornal da Seguran\u00e7a e na Revista Gest\u00e3o de Riscos e tratam de um tema muito importante para todos os profissionais de seguran\u00e7a, que \u00e9 o gerenciamento de crises<br \/>\nempresariais, o qual est\u00e1 ligado diretamente ao tema do Ebook anterior que \u00e9 a gest\u00e3o de riscos.<br \/>\n\u00c9 a partir da avalia\u00e7\u00e3o de riscos que a empresa decidir\u00e1 sobre aqueles riscos mais cr\u00edticos para o neg\u00f3cio e que necessitam de uma resposta imediata, preparada e treinada para determinados riscos.<br \/>\nOs planos de emerg\u00eancia ou de continuidade do neg\u00f3cio buscam diminuir os impactos causados por determinados riscos identificados.<br \/>\nO objetivo desta colet\u00e2nea \u00e9 o de contribuir, ainda que modestamente, com o desenvolvimento da \u00e1rea da seguran\u00e7a privada, principalmente aos estudantes de gest\u00e3o de seguran\u00e7a e aos gestores formados. Por este motivo a entrega da colet\u00e2nea n\u00e3o tem objetivos monet\u00e1rios.<\/p>\n<p><a href=\"https:\/\/www.bibliotecadeseguranca.com.br\/wp-content\/uploads\/2020\/08\/coletanea-gerenciamento-de-crises-corporativas.pdf\" target=\"_blank\" rel=\"noopener\"><img loading=\"lazy\" decoding=\"async\" class=\"alignleft wp-image-12143 size-full\" src=\"https:\/\/www.bibliotecadeseguranca.com.br\/fr\/wp-content\/uploads\/2015\/03\/download_fr.gif\" alt=\"T\u00e9l\u00e9charger\" width=\"107\" height=\"25\" \/><\/a><\/p>\n","protected":false},"excerpt":{"rendered":"<p>Cl\u00e1udio dos Santos Moretti R\u00e9sum\u00e9: Este E-book foi elaborado a partir de diversos artigos publicados no Jornal da Seguran\u00e7a e na Revista Gest\u00e3o de Riscos e tratam de um tema muito importante para todos os profissionais de seguran\u00e7a, que \u00e9 o gerenciamento de crises empresariais, o qual est\u00e1 ligado diretamente ao tema do Ebook anterior que \u00e9 a gest\u00e3o de riscos. \u00c9 a partir da avalia\u00e7\u00e3o de riscos que a&hellip; <\/p>\n","protected":false},"author":3,"featured_media":16709,"comment_status":"open","ping_status":"closed","sticky":false,"template":"","format":"standard","meta":{"footnotes":""},"categories":[14,6,19,112],"tags":[],"class_list":["post-16708","post","type-post","status-publish","format-standard","has-post-thumbnail","hentry","category-administracao-e-estrategia-empresarial","category-livros","category-risco-e-perdas","category-download"],"views":97,"_links":{"self":[{"href":"https:\/\/www.bibliotecadeseguranca.com.br\/fr\/wp-json\/wp\/v2\/posts\/16708","targetHints":{"allow":["GET"]}}],"collection":[{"href":"https:\/\/www.bibliotecadeseguranca.com.br\/fr\/wp-json\/wp\/v2\/posts"}],"about":[{"href":"https:\/\/www.bibliotecadeseguranca.com.br\/fr\/wp-json\/wp\/v2\/types\/post"}],"author":[{"embeddable":true,"href":"https:\/\/www.bibliotecadeseguranca.com.br\/fr\/wp-json\/wp\/v2\/users\/3"}],"replies":[{"embeddable":true,"href":"https:\/\/www.bibliotecadeseguranca.com.br\/fr\/wp-json\/wp\/v2\/comments?post=16708"}],"version-history":[{"count":1,"href":"https:\/\/www.bibliotecadeseguranca.com.br\/fr\/wp-json\/wp\/v2\/posts\/16708\/revisions"}],"predecessor-version":[{"id":16710,"href":"https:\/\/www.bibliotecadeseguranca.com.br\/fr\/wp-json\/wp\/v2\/posts\/16708\/revisions\/16710"}],"wp:featuredmedia":[{"embeddable":true,"href":"https:\/\/www.bibliotecadeseguranca.com.br\/fr\/wp-json\/wp\/v2\/media\/16709"}],"wp:attachment":[{"href":"https:\/\/www.bibliotecadeseguranca.com.br\/fr\/wp-json\/wp\/v2\/media?parent=16708"}],"wp:term":[{"taxonomy":"category","embeddable":true,"href":"https:\/\/www.bibliotecadeseguranca.com.br\/fr\/wp-json\/wp\/v2\/categories?post=16708"},{"taxonomy":"post_tag","embeddable":true,"href":"https:\/\/www.bibliotecadeseguranca.com.br\/fr\/wp-json\/wp\/v2\/tags?post=16708"}],"curies":[{"name":"wp","href":"https:\/\/api.w.org\/{rel}","templated":true}]}}