{"id":16667,"date":"2020-08-06T14:00:52","date_gmt":"2020-08-06T17:00:52","guid":{"rendered":"https:\/\/www.bibliotecadeseguranca.com.br\/fr\/?p=16667"},"modified":"2020-08-06T11:29:09","modified_gmt":"2020-08-06T14:29:09","slug":"la-protection-des-infrastructures-critiques-contre-les-attaques-terroristes-recueil-de-bonnes-pratiques","status":"publish","type":"post","link":"https:\/\/www.bibliotecadeseguranca.com.br\/fr\/livros\/la-protection-des-infrastructures-critiques-contre-les-attaques-terroristes-recueil-de-bonnes-pratiques\/","title":{"rendered":"La protection des infrastructures critiques contre les attaques terroristes : Recueil de bonnes pratiques"},"content":{"rendered":"<p><span style=\"color: #003366;\"><strong><img loading=\"lazy\" decoding=\"async\" class=\"alignleft size-full wp-image-16668\" src=\"https:\/\/www.bibliotecadeseguranca.com.br\/fr\/wp-content\/uploads\/2020\/08\/la-protection-des-infrastructures-critiques-contre-les-attaques-terroristes-recueil-de-bonnes-pratiques.jpg\" alt=\"La protection des infrastructures critiques contre les attaques terroristes : Recueil de bonnes pratiques\" width=\"145\" height=\"188\" srcset=\"https:\/\/www.bibliotecadeseguranca.com.br\/fr\/wp-content\/uploads\/2020\/08\/la-protection-des-infrastructures-critiques-contre-les-attaques-terroristes-recueil-de-bonnes-pratiques.jpg 145w, https:\/\/www.bibliotecadeseguranca.com.br\/fr\/wp-content\/uploads\/2020\/08\/la-protection-des-infrastructures-critiques-contre-les-attaques-terroristes-recueil-de-bonnes-pratiques-116x150.jpg 116w\" sizes=\"auto, (max-width: 145px) 100vw, 145px\" \/>Nations Unies &#8211; Bureau de Lutte contre le Terrorisme<\/strong><\/span><\/p>\n<p><span style=\"color: #003366;\"><strong>R\u00e9sum\u00e9:<\/strong><\/span> Le 17 f\u00e9vrier 2017, le Conseil de s\u00e9curit\u00e9 a adopt\u00e9 \u00e0 l\u2019unanimit\u00e9 la r\u00e9solution 2341 (2017) sur la protection des infrastructures critiques et le renforcement de la capacit\u00e9 des \u00c9tats de pr\u00e9venir les attaques contre ces infrastructures, en priant les \u00c9tats Membres de lutter contre le danger que posent lesdites attaques. Dans sa r\u00e9solution, le Conseil invite les \u00c9tats Membres \u00e0 envisager \u00e9ventuellement l\u2019adoption de mesures pr\u00e9ventives dans le cadre de l\u2019\u00e9laboration des strat\u00e9gies et des politiques nationales.<br \/>\nDans la Strat\u00e9gie antiterroriste mondiale des Nations Unies et au titre du pilier II relatif aux \u00ab mesures destin\u00e9es \u00e0 combattre et \u00e0 pr\u00e9venir le terrorisme \u00bb, les \u00c9tats Membres ont d\u00e9cid\u00e9 de \u00ab renforcer les efforts visant \u00e0 am\u00e9liorer la s\u00e9curit\u00e9 et la protection des cibles particuli\u00e8rement vuln\u00e9rables comme les infrastructures et les lieux publics, ainsi que les interventions en cas d\u2019attaques terroristes et d\u2019autres catastrophes, en particulier dans le domaine de la protection des civils, tout en reconnaissant que les \u00c9tats pourront avoir besoin d\u2019une assistance \u00e0 cet \u00e9gard \u00bb.<br \/>\nDans sa r\u00e9solution 1373 (2001), le Conseil de s\u00e9curit\u00e9 avait d\u00e9j\u00e0 invit\u00e9 les \u00c9tats membres \u00e0 \u00ab prendre les mesures voulues pour emp\u00eacher que des actes de terrorisme ne soient commis, notamment en assurant l\u2019alerte rapide d\u2019autres \u00c9tats par l\u2019\u00e9change de renseignements \u00bb. Par sa r\u00e9solution 1566 (2004), le Conseil de s\u00e9curit\u00e9 avait \u00e9galement appel\u00e9 les \u00c9tats \u00e0 pr\u00e9venir les actes criminels perp\u00e9tr\u00e9s notamment contre des civils, dans le but de semer la terreur parmi la population ou chez un groupe de personnes, d\u2019intimider une population ou de contraindre un gouvernement ou une organisation internationale \u00e0 accomplir un acte ou \u00e0 s\u2019abstenir de le faire.<br \/>\nLa protection physique des infrastructures critiques peut pr\u00e9venir la commission d\u2019attentats terroristes \u00e0 fort impact. En outre, la r\u00e9ponse imm\u00e9diate \u00e0 une attaque terroriste contre des infrastructures critiques peut pr\u00e9venir les effets en cascade fr\u00e9quemment associ\u00e9s \u00e0 ces attaques.<\/p>\n<p><a href=\"https:\/\/www.bibliotecadeseguranca.com.br\/wp-content\/uploads\/2020\/08\/la-protection-des-infrastructures-critiques-contre-les-attaques-terroristes-recueil-de-bonnes-pratiques.pdf\" target=\"_blank\" rel=\"noopener\"><img loading=\"lazy\" decoding=\"async\" class=\"alignleft wp-image-12143 size-full\" src=\"https:\/\/www.bibliotecadeseguranca.com.br\/fr\/wp-content\/uploads\/2015\/03\/download_fr.gif\" alt=\"T\u00e9l\u00e9charger\" width=\"107\" height=\"25\" \/><\/a><\/p>\n","protected":false},"excerpt":{"rendered":"<p>Nations Unies &#8211; Bureau de Lutte contre le Terrorisme R\u00e9sum\u00e9: Le 17 f\u00e9vrier 2017, le Conseil de s\u00e9curit\u00e9 a adopt\u00e9 \u00e0 l\u2019unanimit\u00e9 la r\u00e9solution 2341 (2017) sur la protection des infrastructures critiques et le renforcement de la capacit\u00e9 des \u00c9tats de pr\u00e9venir les attaques contre ces infrastructures, en priant les \u00c9tats Membres de lutter contre le danger que posent lesdites attaques. Dans sa r\u00e9solution, le Conseil invite les \u00c9tats Membres&hellip; <\/p>\n","protected":false},"author":3,"featured_media":16668,"comment_status":"open","ping_status":"closed","sticky":false,"template":"","format":"standard","meta":{"footnotes":""},"categories":[109,6,25,112],"tags":[],"class_list":["post-16667","post","type-post","status-publish","format-standard","has-post-thumbnail","hentry","category-francais","category-livros","category-seguranca-publica-e-defesa","category-download"],"views":330,"_links":{"self":[{"href":"https:\/\/www.bibliotecadeseguranca.com.br\/fr\/wp-json\/wp\/v2\/posts\/16667","targetHints":{"allow":["GET"]}}],"collection":[{"href":"https:\/\/www.bibliotecadeseguranca.com.br\/fr\/wp-json\/wp\/v2\/posts"}],"about":[{"href":"https:\/\/www.bibliotecadeseguranca.com.br\/fr\/wp-json\/wp\/v2\/types\/post"}],"author":[{"embeddable":true,"href":"https:\/\/www.bibliotecadeseguranca.com.br\/fr\/wp-json\/wp\/v2\/users\/3"}],"replies":[{"embeddable":true,"href":"https:\/\/www.bibliotecadeseguranca.com.br\/fr\/wp-json\/wp\/v2\/comments?post=16667"}],"version-history":[{"count":1,"href":"https:\/\/www.bibliotecadeseguranca.com.br\/fr\/wp-json\/wp\/v2\/posts\/16667\/revisions"}],"predecessor-version":[{"id":16669,"href":"https:\/\/www.bibliotecadeseguranca.com.br\/fr\/wp-json\/wp\/v2\/posts\/16667\/revisions\/16669"}],"wp:featuredmedia":[{"embeddable":true,"href":"https:\/\/www.bibliotecadeseguranca.com.br\/fr\/wp-json\/wp\/v2\/media\/16668"}],"wp:attachment":[{"href":"https:\/\/www.bibliotecadeseguranca.com.br\/fr\/wp-json\/wp\/v2\/media?parent=16667"}],"wp:term":[{"taxonomy":"category","embeddable":true,"href":"https:\/\/www.bibliotecadeseguranca.com.br\/fr\/wp-json\/wp\/v2\/categories?post=16667"},{"taxonomy":"post_tag","embeddable":true,"href":"https:\/\/www.bibliotecadeseguranca.com.br\/fr\/wp-json\/wp\/v2\/tags?post=16667"}],"curies":[{"name":"wp","href":"https:\/\/api.w.org\/{rel}","templated":true}]}}