{"id":16648,"date":"2020-07-28T14:00:38","date_gmt":"2020-07-28T17:00:38","guid":{"rendered":"https:\/\/www.bibliotecadeseguranca.com.br\/fr\/?p=16648"},"modified":"2020-07-28T11:55:40","modified_gmt":"2020-07-28T14:55:40","slug":"guia-de-seguridad-en-procesos-de-almacenamiento-y-manejo-de-cargas","status":"publish","type":"post","link":"https:\/\/www.bibliotecadeseguranca.com.br\/fr\/livros\/guia-de-seguridad-en-procesos-de-almacenamiento-y-manejo-de-cargas\/","title":{"rendered":"Gu\u00eda de Seguridad en Procesos de Almacenamiento y Manejo de Cargas"},"content":{"rendered":"<p><span style=\"color: #003366;\"><strong><img loading=\"lazy\" decoding=\"async\" class=\"alignleft size-full wp-image-16649\" src=\"https:\/\/www.bibliotecadeseguranca.com.br\/fr\/wp-content\/uploads\/2020\/07\/guia-de-seguridad-en-procesos-de-almacenamiento-y-manejo-de-cargas.jpg\" alt=\"Gu\u00eda de Seguridad en Procesos de Almacenamiento y Manejo de Cargas\" width=\"145\" height=\"204\" srcset=\"https:\/\/www.bibliotecadeseguranca.com.br\/fr\/wp-content\/uploads\/2020\/07\/guia-de-seguridad-en-procesos-de-almacenamiento-y-manejo-de-cargas.jpg 145w, https:\/\/www.bibliotecadeseguranca.com.br\/fr\/wp-content\/uploads\/2020\/07\/guia-de-seguridad-en-procesos-de-almacenamiento-y-manejo-de-cargas-107x150.jpg 107w\" sizes=\"auto, (max-width: 145px) 100vw, 145px\" \/>Jos\u00e9 Luis Checa Mart\u00edn &#8211; FREMAP<\/strong><\/span><\/p>\n<p><span style=\"color: #003366;\"><strong>R\u00e9sum\u00e9:<\/strong><\/span> Promover la prevenci\u00f3n y potenciar la seguridad y salud de nuestros trabajadores protegidos, desde el papel de Mutua colaboradora con la Seguridad Social, s\u00f3lo es posible si podemos aportar valor a las empresas.<br \/>\nNuestra firme apuesta por la especializaci\u00f3n t\u00e9cnica del personal que forma parte del \u00c1rea de Prevenci\u00f3n de FREMAP, nos permite profundizar en m\u00faltiples disciplinas, establecer equipos de trabajo y desarrollar esquemas avanzados que optimizan el retorno de nuestro conocimiento y experiencia a las empresas.<br \/>\nCuando abordamos la seguridad de los trabajadores durante los procesos de transporte y almacenamiento de materiales, el concepto de especializaci\u00f3n adquiere su m\u00e1xima expresi\u00f3n al abarcar un extenso y complejo campo de actividades, equipos, \u00fatiles, etc., expuestos a un factor de riesgo dif\u00edcil de controlar: la fuerza de la gravedad.<br \/>\nEsta publicaci\u00f3n, al introducir los aspectos relativos a transporte y almacenamiento, complementa el \u201cManual de Seguridad de los \u00datiles de Elevaci\u00f3n de Cargas\u201d, que publicamos hace tres a\u00f1os, dirigido en exclusiva a la seguridad de los sistemas de sujeci\u00f3n. En cada uno de los cap\u00edtulos, adem\u00e1s de analizar los requerimientos de seguridad, los l\u00edmites de utilizaci\u00f3n y mantenimiento, se incorporan modelos de listas de verificaci\u00f3n, certificados, indicadores y se\u00f1alizaci\u00f3n para facilitar a los usuarios su aplicaci\u00f3n final.<br \/>\nM\u00e1s all\u00e1 de una mera recopilaci\u00f3n de aspectos t\u00e9cnicos, las pautas recogidas son el resultado de la asistencia que prestamos a nuestras empresas objeto de planes y programas de reducci\u00f3n de la siniestralidad y de la atenci\u00f3n a las consultas recibidas, estando, por tanto, elaboradas y preparadas a partir de experiencias reales.<br \/>\nEn definitiva, este manual es fruto de nuestro compromiso con la especializaci\u00f3n y atesora el trabajo que desarrollamos con las empresas y la confianza que nos otorgan en el proyecto com\u00fan de mejora de las condiciones de Seguridad y Salud de los trabajadores.<br \/>\nPor \u00faltimo, s\u00f3lo queda manifestar nuestro agradecimiento a D. Ram\u00f3n Rodriguez Roel, Consultor del \u00c1rea de Prevenci\u00f3n y autor de la obra, que con la colaboraci\u00f3n de D. Ignacio Men\u00e9ndez Medrano, Responsable de Publicaciones de la Direcci\u00f3n de Prevenci\u00f3n, han logrado confeccionar esta \u201cGu\u00eda de Seguridad en Procesos de Almacenamiento y Manejo de Cargas\u201d que ahora presentamos y que, sin lugar a dudas, formar\u00e1 parte de los \u201clibros de cabecera\u201d de los profesionales de la prevenci\u00f3n y del sector log\u00edstico.<\/p>\n<p><a href=\"https:\/\/www.bibliotecadeseguranca.com.br\/wp-content\/uploads\/2020\/07\/guia-de-seguridad-en-procesos-de-almacenamiento-y-manejo-de-cargas.pdf\" target=\"_blank\" rel=\"noopener\"><img loading=\"lazy\" decoding=\"async\" class=\"alignleft wp-image-12143 size-full\" src=\"https:\/\/www.bibliotecadeseguranca.com.br\/fr\/wp-content\/uploads\/2015\/03\/download_fr.gif\" alt=\"T\u00e9l\u00e9charger\" width=\"107\" height=\"25\" \/><\/a><\/p>\n","protected":false},"excerpt":{"rendered":"<p>Jos\u00e9 Luis Checa Mart\u00edn &#8211; FREMAP R\u00e9sum\u00e9: Promover la prevenci\u00f3n y potenciar la seguridad y salud de nuestros trabajadores protegidos, desde el papel de Mutua colaboradora con la Seguridad Social, s\u00f3lo es posible si podemos aportar valor a las empresas. Nuestra firme apuesta por la especializaci\u00f3n t\u00e9cnica del personal que forma parte del \u00c1rea de Prevenci\u00f3n de FREMAP, nos permite profundizar en m\u00faltiples disciplinas, establecer equipos de trabajo y desarrollar&hellip; <\/p>\n","protected":false},"author":3,"featured_media":16649,"comment_status":"open","ping_status":"closed","sticky":false,"template":"","format":"standard","meta":{"footnotes":""},"categories":[81,6,19,112],"tags":[],"class_list":["post-16648","post","type-post","status-publish","format-standard","has-post-thumbnail","hentry","category-espanol","category-livros","category-risco-e-perdas","category-download"],"views":95,"_links":{"self":[{"href":"https:\/\/www.bibliotecadeseguranca.com.br\/fr\/wp-json\/wp\/v2\/posts\/16648","targetHints":{"allow":["GET"]}}],"collection":[{"href":"https:\/\/www.bibliotecadeseguranca.com.br\/fr\/wp-json\/wp\/v2\/posts"}],"about":[{"href":"https:\/\/www.bibliotecadeseguranca.com.br\/fr\/wp-json\/wp\/v2\/types\/post"}],"author":[{"embeddable":true,"href":"https:\/\/www.bibliotecadeseguranca.com.br\/fr\/wp-json\/wp\/v2\/users\/3"}],"replies":[{"embeddable":true,"href":"https:\/\/www.bibliotecadeseguranca.com.br\/fr\/wp-json\/wp\/v2\/comments?post=16648"}],"version-history":[{"count":1,"href":"https:\/\/www.bibliotecadeseguranca.com.br\/fr\/wp-json\/wp\/v2\/posts\/16648\/revisions"}],"predecessor-version":[{"id":16650,"href":"https:\/\/www.bibliotecadeseguranca.com.br\/fr\/wp-json\/wp\/v2\/posts\/16648\/revisions\/16650"}],"wp:featuredmedia":[{"embeddable":true,"href":"https:\/\/www.bibliotecadeseguranca.com.br\/fr\/wp-json\/wp\/v2\/media\/16649"}],"wp:attachment":[{"href":"https:\/\/www.bibliotecadeseguranca.com.br\/fr\/wp-json\/wp\/v2\/media?parent=16648"}],"wp:term":[{"taxonomy":"category","embeddable":true,"href":"https:\/\/www.bibliotecadeseguranca.com.br\/fr\/wp-json\/wp\/v2\/categories?post=16648"},{"taxonomy":"post_tag","embeddable":true,"href":"https:\/\/www.bibliotecadeseguranca.com.br\/fr\/wp-json\/wp\/v2\/tags?post=16648"}],"curies":[{"name":"wp","href":"https:\/\/api.w.org\/{rel}","templated":true}]}}