{"id":16616,"date":"2020-07-14T14:00:18","date_gmt":"2020-07-14T17:00:18","guid":{"rendered":"https:\/\/www.bibliotecadeseguranca.com.br\/fr\/?p=16616"},"modified":"2020-07-14T13:06:46","modified_gmt":"2020-07-14T16:06:46","slug":"manual-de-seguranca-publica-nas-instituicoes-de-ensino","status":"publish","type":"post","link":"https:\/\/www.bibliotecadeseguranca.com.br\/fr\/livros\/manual-de-seguranca-publica-nas-instituicoes-de-ensino\/","title":{"rendered":"Manual de Seguran\u00e7a P\u00fablica nas Institui\u00e7\u00f5es de Ensino"},"content":{"rendered":"<p><span style=\"color: #003366;\"><strong><img loading=\"lazy\" decoding=\"async\" class=\"alignleft size-full wp-image-16617\" src=\"https:\/\/www.bibliotecadeseguranca.com.br\/fr\/wp-content\/uploads\/2020\/07\/manual-de-seguranca-publica-nas-instituicoes-de-ensino.jpg\" alt=\"Manual de Seguran\u00e7a P\u00fablica nas Institui\u00e7\u00f5es de Ensino\" width=\"145\" height=\"205\" srcset=\"https:\/\/www.bibliotecadeseguranca.com.br\/fr\/wp-content\/uploads\/2020\/07\/manual-de-seguranca-publica-nas-instituicoes-de-ensino.jpg 145w, https:\/\/www.bibliotecadeseguranca.com.br\/fr\/wp-content\/uploads\/2020\/07\/manual-de-seguranca-publica-nas-instituicoes-de-ensino-106x150.jpg 106w\" sizes=\"auto, (max-width: 145px) 100vw, 145px\" \/>Jorge Luiz Portella Junior, Lu\u00eddia Ermelina S. S. Soares, Eveline Evangelista Bernardo, Arlindo Cesar Salles Abreu<\/strong><\/span><\/p>\n<p><span style=\"color: #003366;\"><strong>Maison d&#8217;\u00e9dition IDCP<\/strong><\/span><\/p>\n<p><span style=\"color: #003366;\"><strong>R\u00e9sum\u00e9:<\/strong><\/span> O Manual de Seguran\u00e7a P\u00fablica nas Institui\u00e7\u00f5es de Ensino \u00e9 um Ebook que aborda a rela\u00e7\u00e3o entre educa\u00e7\u00e3o e preven\u00e7\u00e3o ao combate de situa\u00e7\u00f5es de emerg\u00eancia e urg\u00eancia, que possam vir a ocorrer dentro do sistema escolar. Atrav\u00e9s de estudo de casos, onde se observou viol\u00eancia nas escolas. O livro aborda diversas metodologias de preven\u00e7\u00e3o ao combate a situa\u00e7\u00f5es de perigo, conflito, emerg\u00eancia e urg\u00eancia em ambientes escolar. Manual de Seguran\u00e7a P\u00fablica nas Institui\u00e7\u00f5es de Ensino \u00e9 um protocolo que tem medidas de prote\u00e7\u00e3o que v\u00e3o desde casos com arma de fogo at\u00e9 bullying e cyberbullying. Com o apoio de uma equipe multidisciplinar o livro foi baseado nas experi\u00eancias do Capit\u00e3o Portella ao proferir palestras, capacita\u00e7\u00f5es e treinamentos em escolas p\u00fablicas no Munic\u00edpio de Mag\u00e9. A ideia do protocolo \u00e9 gerar multiplicadores em ambiente de ensino e fazer da escola, tanto p\u00fablica quanto privada, um local mais seguro.<\/p>\n","protected":false},"excerpt":{"rendered":"<p>Jorge Luiz Portella Junior, Lu\u00eddia Ermelina S. S. Soares, Eveline Evangelista Bernardo, Arlindo Cesar Salles Abreu Maison d&#8217;\u00e9dition IDCP R\u00e9sum\u00e9: O Manual de Seguran\u00e7a P\u00fablica nas Institui\u00e7\u00f5es de Ensino \u00e9 um Ebook que aborda a rela\u00e7\u00e3o entre educa\u00e7\u00e3o e preven\u00e7\u00e3o ao combate de situa\u00e7\u00f5es de emerg\u00eancia e urg\u00eancia, que possam vir a ocorrer dentro do sistema escolar. Atrav\u00e9s de estudo de casos, onde se observou viol\u00eancia nas escolas. O livro&hellip; <\/p>\n","protected":false},"author":3,"featured_media":16617,"comment_status":"open","ping_status":"closed","sticky":false,"template":"","format":"standard","meta":{"footnotes":""},"categories":[23,6,25],"tags":[],"class_list":["post-16616","post","type-post","status-publish","format-standard","has-post-thumbnail","hentry","category-gestao-da-seguranca-empresarial","category-livros","category-seguranca-publica-e-defesa"],"views":214,"_links":{"self":[{"href":"https:\/\/www.bibliotecadeseguranca.com.br\/fr\/wp-json\/wp\/v2\/posts\/16616","targetHints":{"allow":["GET"]}}],"collection":[{"href":"https:\/\/www.bibliotecadeseguranca.com.br\/fr\/wp-json\/wp\/v2\/posts"}],"about":[{"href":"https:\/\/www.bibliotecadeseguranca.com.br\/fr\/wp-json\/wp\/v2\/types\/post"}],"author":[{"embeddable":true,"href":"https:\/\/www.bibliotecadeseguranca.com.br\/fr\/wp-json\/wp\/v2\/users\/3"}],"replies":[{"embeddable":true,"href":"https:\/\/www.bibliotecadeseguranca.com.br\/fr\/wp-json\/wp\/v2\/comments?post=16616"}],"version-history":[{"count":1,"href":"https:\/\/www.bibliotecadeseguranca.com.br\/fr\/wp-json\/wp\/v2\/posts\/16616\/revisions"}],"predecessor-version":[{"id":16618,"href":"https:\/\/www.bibliotecadeseguranca.com.br\/fr\/wp-json\/wp\/v2\/posts\/16616\/revisions\/16618"}],"wp:featuredmedia":[{"embeddable":true,"href":"https:\/\/www.bibliotecadeseguranca.com.br\/fr\/wp-json\/wp\/v2\/media\/16617"}],"wp:attachment":[{"href":"https:\/\/www.bibliotecadeseguranca.com.br\/fr\/wp-json\/wp\/v2\/media?parent=16616"}],"wp:term":[{"taxonomy":"category","embeddable":true,"href":"https:\/\/www.bibliotecadeseguranca.com.br\/fr\/wp-json\/wp\/v2\/categories?post=16616"},{"taxonomy":"post_tag","embeddable":true,"href":"https:\/\/www.bibliotecadeseguranca.com.br\/fr\/wp-json\/wp\/v2\/tags?post=16616"}],"curies":[{"name":"wp","href":"https:\/\/api.w.org\/{rel}","templated":true}]}}