{"id":16613,"date":"2020-07-13T14:00:25","date_gmt":"2020-07-13T17:00:25","guid":{"rendered":"https:\/\/www.bibliotecadeseguranca.com.br\/fr\/?p=16613"},"modified":"2020-07-13T11:59:02","modified_gmt":"2020-07-13T14:59:02","slug":"seguridad-en-america-ano-21-no-121","status":"publish","type":"post","link":"https:\/\/www.bibliotecadeseguranca.com.br\/fr\/livros\/seguridad-en-america-ano-21-no-121\/","title":{"rendered":"Seguridad en America &#8211; A\u00f1o 21 \/ no. 121"},"content":{"rendered":"<p><span style=\"color: #003366;\"><strong><img loading=\"lazy\" decoding=\"async\" class=\"alignleft size-full wp-image-16614\" src=\"https:\/\/www.bibliotecadeseguranca.com.br\/fr\/wp-content\/uploads\/2020\/07\/seguridad-en-america-ano-21-no-121.jpg\" alt=\"Seguridad en America - A\u00f1o 21 \/ no. 121\" width=\"145\" height=\"187\" srcset=\"https:\/\/www.bibliotecadeseguranca.com.br\/fr\/wp-content\/uploads\/2020\/07\/seguridad-en-america-ano-21-no-121.jpg 145w, https:\/\/www.bibliotecadeseguranca.com.br\/fr\/wp-content\/uploads\/2020\/07\/seguridad-en-america-ano-21-no-121-116x150.jpg 116w\" sizes=\"auto, (max-width: 145px) 100vw, 145px\" \/>R\u00e9sum\u00e9:<\/strong><\/span> El pasado 25 de mayo, George Floyd, ciudadano estadounidense, muri\u00f3 por asfixia provocada por el oficial Derek Chauvin, quien tras esposarlo y ponerlo boca abajo con la ayuda de los oficiales Thomas Lane y J. Alexander Kueng, presion\u00f3 al arrestado contra el pavimento con su rodilla apoyada sobre el cuello de la v\u00edctima durante m\u00e1s de ocho minutos. Floyd, mientras era retenido, repiti\u00f3 varias veces la frase \u2018I can&#8217;t breathe\u2019 (en espa\u00f1ol, \u201cNo puedo respirar\u201d). Este suceso fue grabado con los tel\u00e9fonos m\u00f3viles de los presentes y difundido en diversas redes sociales. Los oficiales involucrados fueron despedidos al d\u00eda siguiente.<br \/>\nSeg\u00fan los medios, Floyd fue arrestado por intentar hacer una compra con un billete falso de 20 d\u00f3lares en una tienda de comestibles. La furia de millones de estadounidenses tras la sensible muerte de George Floyd en manos de un polic\u00eda de Minneapolis, ha sobrepasado la capacidad de la seguridad en Estados Unidos.<br \/>\nAunado a la muerte de Floyd, el grupo de ciberactivistas, Anonymous, sac\u00f3 a la luz documentos de Donald Trump, presidente de los Estados Unidos, en donde se le involucra con la red de tr\u00e1fico de menores de Jeffrey Epstein, adem\u00e1s de evidenciar que abus\u00f3 sexualmente de varios menores de edad, se\u00f1al\u00f3 el portal AS USA.<br \/>\nAnte esto, la ira de los protestantes se encendi\u00f3 m\u00e1s y procedieron a atacar directamente la Casa Blanca, por lo que Trump fue llevado por el Servicio de Seguridad a un b\u00fanker del recinto en Washington D.C., la informaci\u00f3n fue confirmada posteriormente por The New York Times y CNN.<br \/>\nEl grupo de hackers activistas, Anonymous, regres\u00f3 despu\u00e9s de tres a\u00f1os de inactividad para alzar la voz por George Floyd, desafiando a las autoridades de Estados Unidos, pues, si no se hace justicia por su muerte, entonces \u00e9stos seguir\u00e1n revelando varios secretos y cr\u00edmenes que se tienen guardados en bases de datos, tal y como sucedi\u00f3 con lo de Donald Trump y Jeffrey Epstein.<\/p>\n<p><a href=\"https:\/\/www.bibliotecadeseguranca.com.br\/wp-content\/uploads\/2020\/07\/seguridad-en-america-ano-21-no-121.pdf\" target=\"_blank\" rel=\"noopener\"><img loading=\"lazy\" decoding=\"async\" class=\"alignleft wp-image-12143 size-full\" src=\"https:\/\/www.bibliotecadeseguranca.com.br\/fr\/wp-content\/uploads\/2015\/03\/download_fr.gif\" alt=\"T\u00e9l\u00e9charger\" width=\"107\" height=\"25\" \/><\/a><\/p>\n","protected":false},"excerpt":{"rendered":"<p>R\u00e9sum\u00e9: El pasado 25 de mayo, George Floyd, ciudadano estadounidense, muri\u00f3 por asfixia provocada por el oficial Derek Chauvin, quien tras esposarlo y ponerlo boca abajo con la ayuda de los oficiales Thomas Lane y J. Alexander Kueng, presion\u00f3 al arrestado contra el pavimento con su rodilla apoyada sobre el cuello de la v\u00edctima durante m\u00e1s de ocho minutos. Floyd, mientras era retenido, repiti\u00f3 varias veces la frase \u2018I can&#8217;t&hellip; <\/p>\n","protected":false},"author":3,"featured_media":16614,"comment_status":"open","ping_status":"closed","sticky":false,"template":"","format":"standard","meta":{"footnotes":""},"categories":[81,23,6,71,25,126,112],"tags":[],"class_list":["post-16613","post","type-post","status-publish","format-standard","has-post-thumbnail","hentry","category-espanol","category-gestao-da-seguranca-empresarial","category-livros","category-periodicos-de-seguranca","category-seguranca-publica-e-defesa","category-seguridad-en-america","category-download"],"views":154,"_links":{"self":[{"href":"https:\/\/www.bibliotecadeseguranca.com.br\/fr\/wp-json\/wp\/v2\/posts\/16613","targetHints":{"allow":["GET"]}}],"collection":[{"href":"https:\/\/www.bibliotecadeseguranca.com.br\/fr\/wp-json\/wp\/v2\/posts"}],"about":[{"href":"https:\/\/www.bibliotecadeseguranca.com.br\/fr\/wp-json\/wp\/v2\/types\/post"}],"author":[{"embeddable":true,"href":"https:\/\/www.bibliotecadeseguranca.com.br\/fr\/wp-json\/wp\/v2\/users\/3"}],"replies":[{"embeddable":true,"href":"https:\/\/www.bibliotecadeseguranca.com.br\/fr\/wp-json\/wp\/v2\/comments?post=16613"}],"version-history":[{"count":1,"href":"https:\/\/www.bibliotecadeseguranca.com.br\/fr\/wp-json\/wp\/v2\/posts\/16613\/revisions"}],"predecessor-version":[{"id":16615,"href":"https:\/\/www.bibliotecadeseguranca.com.br\/fr\/wp-json\/wp\/v2\/posts\/16613\/revisions\/16615"}],"wp:featuredmedia":[{"embeddable":true,"href":"https:\/\/www.bibliotecadeseguranca.com.br\/fr\/wp-json\/wp\/v2\/media\/16614"}],"wp:attachment":[{"href":"https:\/\/www.bibliotecadeseguranca.com.br\/fr\/wp-json\/wp\/v2\/media?parent=16613"}],"wp:term":[{"taxonomy":"category","embeddable":true,"href":"https:\/\/www.bibliotecadeseguranca.com.br\/fr\/wp-json\/wp\/v2\/categories?post=16613"},{"taxonomy":"post_tag","embeddable":true,"href":"https:\/\/www.bibliotecadeseguranca.com.br\/fr\/wp-json\/wp\/v2\/tags?post=16613"}],"curies":[{"name":"wp","href":"https:\/\/api.w.org\/{rel}","templated":true}]}}