{"id":16607,"date":"2020-07-10T14:00:17","date_gmt":"2020-07-10T17:00:17","guid":{"rendered":"https:\/\/www.bibliotecadeseguranca.com.br\/fr\/?p=16607"},"modified":"2020-07-10T12:15:30","modified_gmt":"2020-07-10T15:15:30","slug":"guia-pratico-de-acoes-de-seguranca-empresarial-frente-a-covid-19","status":"publish","type":"post","link":"https:\/\/www.bibliotecadeseguranca.com.br\/fr\/livros\/guia-pratico-de-acoes-de-seguranca-empresarial-frente-a-covid-19\/","title":{"rendered":"Guia Pr\u00e1tico de A\u00e7\u00f5es de Seguran\u00e7a Empresarial Frente \u00e0 Covid-19"},"content":{"rendered":"<p><span style=\"color: #003366;\"><strong><img loading=\"lazy\" decoding=\"async\" class=\"alignleft size-full wp-image-16608\" src=\"https:\/\/www.bibliotecadeseguranca.com.br\/fr\/wp-content\/uploads\/2020\/07\/guia-pratico-de-acoes-de-seguranca-empresarial-frente-a-covid-19.jpg\" alt=\"Guia Pr\u00e1tico de A\u00e7\u00f5es de Seguran\u00e7a Empresarial Frente \u00e0 Covid-19\" width=\"145\" height=\"205\" srcset=\"https:\/\/www.bibliotecadeseguranca.com.br\/fr\/wp-content\/uploads\/2020\/07\/guia-pratico-de-acoes-de-seguranca-empresarial-frente-a-covid-19.jpg 145w, https:\/\/www.bibliotecadeseguranca.com.br\/fr\/wp-content\/uploads\/2020\/07\/guia-pratico-de-acoes-de-seguranca-empresarial-frente-a-covid-19-106x150.jpg 106w\" sizes=\"auto, (max-width: 145px) 100vw, 145px\" \/>FIESP<\/strong><\/span><\/p>\n<p><span style=\"color: #003366;\"><strong>R\u00e9sum\u00e9:<\/strong><\/span> O mundo enfrenta o maior desafio de sua hist\u00f3ria recente: a pandemia do novo coronav\u00edrus. Essa crise est\u00e1 impactando toda a sociedade. E desde o primeiro momento, a ind\u00fastria tem atuado com coragem e determina\u00e7\u00e3o, para proteger a sa\u00fade de todos os brasileiros, e reduzir o impacto sobre empresas e empregos.<br \/>\nFiesp, Ciesp, Sesi, Senai e IRS assumiram o protagonismo nessa luta contra a Covid-19. Suas muitas frentes de atua\u00e7\u00e3o v\u00eam servindo de balizamento pra empresas e poder p\u00fablico, neste momento de pandemia.<br \/>\nNas \u00e1reas de defesa e seguran\u00e7a, mobilizamos nossa rede de parceiros para criar um Comit\u00ea de Crise para pensar, discutir e propor medidas capazes de minimizar os riscos e os impactos da pandemia do Coronav\u00edrus na seguran\u00e7a dos ativos de ind\u00fastrias e empreendimentos.<br \/>\nUm dos resultados dessa iniciativa \u00e9 o Guia Pr\u00e1tico de A\u00e7\u00f5es de Seguran\u00e7a Empresarial frente \u00e0 COVID-19, que apresenta uma sucess\u00e3o de conte\u00fados voltados para profissionais de todas as cadeias produtivas da ind\u00fastria. Os textos<br \/>\na seguir jogam luz sobre temas pertinentes \u00e0 realidade que temos enfrentado, como seguran\u00e7a de instala\u00e7\u00f5es, armazenamento e distribui\u00e7\u00e3o de insumos, e gest\u00e3o de continuidade de neg\u00f3cios.<br \/>\nEntendemos que as circunst\u00e2ncias geradas pela pandemia da Covid-19 s\u00e3o excepcionais e demandam a integra\u00e7\u00e3o de esfor\u00e7os para que contribui\u00e7\u00f5es sejam realizadas e experi\u00eancias e conhecimentos sejam trocados. \u00c9 com esse objetivo<br \/>\nque disponibilizamos essa s\u00e9rie de conte\u00fados produzidos por especialistas que s\u00e3o autoridades em suas \u00e1reas de atua\u00e7\u00e3o. Ao final de cada artigo, foram disponibilizados dados de contato dos autores, proporcionando a voc\u00ea, leitor, acesso direto a cada um deles, caso deseje se aprofundar em qualquer uma das quest\u00f5es tratadas.<br \/>\nEsperamos que esses conte\u00fados possam trazer esclarecimentos e orienta\u00e7\u00f5es sobre como cada um de n\u00f3s, colaborador da ind\u00fastria, pode enfrentar esse momento de d\u00favidas e inquieta\u00e7\u00f5es.<br \/>\nAinda n\u00e3o chegamos ao fim desta jornada t\u00e3o desafiadora. Mas temos a convic\u00e7\u00e3o de que estamos no caminho certo para atravessar a tempestade. Mais do que isso, estamos certos de que estamos fazendo tudo ao nosso alcance para ajudar<br \/>\nnosso pa\u00eds e todos os brasileiros a fazer o mesmo. Essa \u00e9 a miss\u00e3o da ind\u00fastria contra o coronav\u00edrus.<\/p>\n<p>Paulo Skaf<br \/>\nPresidente da Fiesp, do Ciesp, Sesi, Senai e IRS<\/p>\n<p><a href=\"https:\/\/www.bibliotecadeseguranca.com.br\/wp-content\/uploads\/2020\/07\/guia-pratico-de-acoes-de-seguranca-empresarial-frente-a-covid-19.pdf\" target=\"_blank\" rel=\"noopener\"><img loading=\"lazy\" decoding=\"async\" class=\"alignleft wp-image-12143 size-full\" src=\"https:\/\/www.bibliotecadeseguranca.com.br\/fr\/wp-content\/uploads\/2015\/03\/download_fr.gif\" alt=\"T\u00e9l\u00e9charger\" width=\"107\" height=\"25\" \/><\/a><\/p>\n","protected":false},"excerpt":{"rendered":"<p>FIESP R\u00e9sum\u00e9: O mundo enfrenta o maior desafio de sua hist\u00f3ria recente: a pandemia do novo coronav\u00edrus. Essa crise est\u00e1 impactando toda a sociedade. E desde o primeiro momento, a ind\u00fastria tem atuado com coragem e determina\u00e7\u00e3o, para proteger a sa\u00fade de todos os brasileiros, e reduzir o impacto sobre empresas e empregos. Fiesp, Ciesp, Sesi, Senai e IRS assumiram o protagonismo nessa luta contra a Covid-19. Suas muitas frentes&hellip; <\/p>\n","protected":false},"author":3,"featured_media":16608,"comment_status":"open","ping_status":"closed","sticky":false,"template":"","format":"standard","meta":{"footnotes":""},"categories":[14,23,6,112],"tags":[],"class_list":["post-16607","post","type-post","status-publish","format-standard","has-post-thumbnail","hentry","category-administracao-e-estrategia-empresarial","category-gestao-da-seguranca-empresarial","category-livros","category-download"],"views":108,"_links":{"self":[{"href":"https:\/\/www.bibliotecadeseguranca.com.br\/fr\/wp-json\/wp\/v2\/posts\/16607","targetHints":{"allow":["GET"]}}],"collection":[{"href":"https:\/\/www.bibliotecadeseguranca.com.br\/fr\/wp-json\/wp\/v2\/posts"}],"about":[{"href":"https:\/\/www.bibliotecadeseguranca.com.br\/fr\/wp-json\/wp\/v2\/types\/post"}],"author":[{"embeddable":true,"href":"https:\/\/www.bibliotecadeseguranca.com.br\/fr\/wp-json\/wp\/v2\/users\/3"}],"replies":[{"embeddable":true,"href":"https:\/\/www.bibliotecadeseguranca.com.br\/fr\/wp-json\/wp\/v2\/comments?post=16607"}],"version-history":[{"count":1,"href":"https:\/\/www.bibliotecadeseguranca.com.br\/fr\/wp-json\/wp\/v2\/posts\/16607\/revisions"}],"predecessor-version":[{"id":16609,"href":"https:\/\/www.bibliotecadeseguranca.com.br\/fr\/wp-json\/wp\/v2\/posts\/16607\/revisions\/16609"}],"wp:featuredmedia":[{"embeddable":true,"href":"https:\/\/www.bibliotecadeseguranca.com.br\/fr\/wp-json\/wp\/v2\/media\/16608"}],"wp:attachment":[{"href":"https:\/\/www.bibliotecadeseguranca.com.br\/fr\/wp-json\/wp\/v2\/media?parent=16607"}],"wp:term":[{"taxonomy":"category","embeddable":true,"href":"https:\/\/www.bibliotecadeseguranca.com.br\/fr\/wp-json\/wp\/v2\/categories?post=16607"},{"taxonomy":"post_tag","embeddable":true,"href":"https:\/\/www.bibliotecadeseguranca.com.br\/fr\/wp-json\/wp\/v2\/tags?post=16607"}],"curies":[{"name":"wp","href":"https:\/\/api.w.org\/{rel}","templated":true}]}}