{"id":16575,"date":"2020-06-26T14:00:19","date_gmt":"2020-06-26T17:00:19","guid":{"rendered":"https:\/\/www.bibliotecadeseguranca.com.br\/fr\/?p=16575"},"modified":"2020-06-26T12:47:40","modified_gmt":"2020-06-26T15:47:40","slug":"direito-digital-e-protecao-de-dados-pessoais","status":"publish","type":"post","link":"https:\/\/www.bibliotecadeseguranca.com.br\/fr\/livros\/direito-digital-e-protecao-de-dados-pessoais\/","title":{"rendered":"Direito Digital e Prote\u00e7\u00e3o de Dados Pessoais"},"content":{"rendered":"<p><span style=\"color: #003366;\"><strong><img loading=\"lazy\" decoding=\"async\" class=\"alignleft size-full wp-image-16576\" src=\"https:\/\/www.bibliotecadeseguranca.com.br\/fr\/wp-content\/uploads\/2020\/06\/direito-digital-e-protecao-de-dados-pessoais.jpg\" alt=\"Direito Digital e Prote\u00e7\u00e3o de Dados Pessoais\" width=\"145\" height=\"203\" srcset=\"https:\/\/www.bibliotecadeseguranca.com.br\/fr\/wp-content\/uploads\/2020\/06\/direito-digital-e-protecao-de-dados-pessoais.jpg 145w, https:\/\/www.bibliotecadeseguranca.com.br\/fr\/wp-content\/uploads\/2020\/06\/direito-digital-e-protecao-de-dados-pessoais-107x150.jpg 107w\" sizes=\"auto, (max-width: 145px) 100vw, 145px\" \/>Escola Paulista da Magistratura<\/strong><\/span><\/p>\n<p><span style=\"color: #003366;\"><strong>R\u00e9sum\u00e9:<\/strong><\/span> O Direito Digital teve sua primeira apari\u00e7\u00e3o na Escola Paulista da Magistratura, sob esta denomina\u00e7\u00e3o, no ano de 2013 quando o 1\u00ba Curso de Extens\u00e3o Universit\u00e1ria em Direito Digital, coordenado pelo advogado especialista na \u00e1rea, Renato Opice Blum e pelo juiz Fernando Antonio Tasso, ent\u00e3o Coordenador de Ensino \u00e0 Dist\u00e2ncia, inaugurou uma nova abordagem das quest\u00f5es de tecnologia aplicadas ao direito.<br \/>\nNesse ano, o Tribunal de Justi\u00e7a de S\u00e3o Paulo empreendia sua transforma\u00e7\u00e3o digital, com a unifica\u00e7\u00e3o de seus 12 sistemas informatizados em apenas um, com o Plano de Unifica\u00e7\u00e3o, Moderniza\u00e7\u00e3o e Alinhamento (PUMA), conforme preconizado pelo seu Planejamento Estrat\u00e9gico 2010\/2014.<br \/>\nTemas como governan\u00e7a, novos riscos decorrentes das rela\u00e7\u00f5es jur\u00eddicas travadas no ambiente digital, certifica\u00e7\u00e3o digital, documento eletr\u00f4nico e criptografia passaram a permear os debates e palestras no \u00e2mbito de nossa Escola.<br \/>\nDurante os anos de 2014\/2015, enquanto o Tribunal se lan\u00e7ava \u00e0 desafiadora meta de alcan\u00e7ar a propositura de novas a\u00e7\u00f5es exclusivamente pelo meio digital, com o Projeto 100% Digital, a Escola Paulista da Magistratura reafirmava seu compromisso de fomentar o interc\u00e2mbio de ideias e novas abordagens do direito \u00e0 luz da tecnologia, promovendo o 2\u00ba Curso de Extens\u00e3o Universit\u00e1ria em Direito na Era Digital.<br \/>\nNo ano de 2017 a EPM realizou, em parceria com a Escola de Governan\u00e7a da Internet, o Curso de Extens\u00e3o Universit\u00e1ria \u201cGest\u00e3o e governan\u00e7a da Internet aplicadas \u00e0 presta\u00e7\u00e3o jurisdicional \u2013 Escola Paulista da Magistratura e Escola de Governan\u00e7a da Internet no Brasil\u201d.<\/p>\n<p><a href=\"https:\/\/www.bibliotecadeseguranca.com.br\/wp-content\/uploads\/2020\/06\/direito-digital-e-protecao-de-dados-pessoais.pdf\" target=\"_blank\" rel=\"noopener\"><img loading=\"lazy\" decoding=\"async\" class=\"alignleft wp-image-12143 size-full\" src=\"https:\/\/www.bibliotecadeseguranca.com.br\/fr\/wp-content\/uploads\/2015\/03\/download_fr.gif\" alt=\"T\u00e9l\u00e9charger\" width=\"107\" height=\"25\" \/><\/a><\/p>\n","protected":false},"excerpt":{"rendered":"<p>Escola Paulista da Magistratura R\u00e9sum\u00e9: O Direito Digital teve sua primeira apari\u00e7\u00e3o na Escola Paulista da Magistratura, sob esta denomina\u00e7\u00e3o, no ano de 2013 quando o 1\u00ba Curso de Extens\u00e3o Universit\u00e1ria em Direito Digital, coordenado pelo advogado especialista na \u00e1rea, Renato Opice Blum e pelo juiz Fernando Antonio Tasso, ent\u00e3o Coordenador de Ensino \u00e0 Dist\u00e2ncia, inaugurou uma nova abordagem das quest\u00f5es de tecnologia aplicadas ao direito. Nesse ano, o Tribunal&hellip; <\/p>\n","protected":false},"author":3,"featured_media":16576,"comment_status":"open","ping_status":"closed","sticky":false,"template":"","format":"standard","meta":{"footnotes":""},"categories":[10,92,6,20,112],"tags":[],"class_list":["post-16575","post","type-post","status-publish","format-standard","has-post-thumbnail","hentry","category-crime-violencia-e-criminologia","category-trabalho-academico","category-livros","category-seguranca-da-informacao","category-download"],"views":422,"_links":{"self":[{"href":"https:\/\/www.bibliotecadeseguranca.com.br\/fr\/wp-json\/wp\/v2\/posts\/16575","targetHints":{"allow":["GET"]}}],"collection":[{"href":"https:\/\/www.bibliotecadeseguranca.com.br\/fr\/wp-json\/wp\/v2\/posts"}],"about":[{"href":"https:\/\/www.bibliotecadeseguranca.com.br\/fr\/wp-json\/wp\/v2\/types\/post"}],"author":[{"embeddable":true,"href":"https:\/\/www.bibliotecadeseguranca.com.br\/fr\/wp-json\/wp\/v2\/users\/3"}],"replies":[{"embeddable":true,"href":"https:\/\/www.bibliotecadeseguranca.com.br\/fr\/wp-json\/wp\/v2\/comments?post=16575"}],"version-history":[{"count":1,"href":"https:\/\/www.bibliotecadeseguranca.com.br\/fr\/wp-json\/wp\/v2\/posts\/16575\/revisions"}],"predecessor-version":[{"id":16577,"href":"https:\/\/www.bibliotecadeseguranca.com.br\/fr\/wp-json\/wp\/v2\/posts\/16575\/revisions\/16577"}],"wp:featuredmedia":[{"embeddable":true,"href":"https:\/\/www.bibliotecadeseguranca.com.br\/fr\/wp-json\/wp\/v2\/media\/16576"}],"wp:attachment":[{"href":"https:\/\/www.bibliotecadeseguranca.com.br\/fr\/wp-json\/wp\/v2\/media?parent=16575"}],"wp:term":[{"taxonomy":"category","embeddable":true,"href":"https:\/\/www.bibliotecadeseguranca.com.br\/fr\/wp-json\/wp\/v2\/categories?post=16575"},{"taxonomy":"post_tag","embeddable":true,"href":"https:\/\/www.bibliotecadeseguranca.com.br\/fr\/wp-json\/wp\/v2\/tags?post=16575"}],"curies":[{"name":"wp","href":"https:\/\/api.w.org\/{rel}","templated":true}]}}