{"id":16559,"date":"2020-06-19T14:00:01","date_gmt":"2020-06-19T17:00:01","guid":{"rendered":"https:\/\/www.bibliotecadeseguranca.com.br\/fr\/?p=16559"},"modified":"2020-06-19T12:35:06","modified_gmt":"2020-06-19T15:35:06","slug":"gestao-ambiental-e-responsabilidade-social-corporativa","status":"publish","type":"post","link":"https:\/\/www.bibliotecadeseguranca.com.br\/fr\/livros\/gestao-ambiental-e-responsabilidade-social-corporativa\/","title":{"rendered":"Gest\u00e3o Ambiental e Responsabilidade Social Corporativa"},"content":{"rendered":"<p><span style=\"color: #003366;\"><strong><img loading=\"lazy\" decoding=\"async\" class=\"alignleft size-full wp-image-16560\" src=\"https:\/\/www.bibliotecadeseguranca.com.br\/fr\/wp-content\/uploads\/2020\/06\/gestao-ambiental-e-responsabilidade-social-corporativa.jpg\" alt=\"Gest\u00e3o Ambiental e Responsabilidade Social Corporativa\" width=\"145\" height=\"210\" srcset=\"https:\/\/www.bibliotecadeseguranca.com.br\/fr\/wp-content\/uploads\/2020\/06\/gestao-ambiental-e-responsabilidade-social-corporativa.jpg 145w, https:\/\/www.bibliotecadeseguranca.com.br\/fr\/wp-content\/uploads\/2020\/06\/gestao-ambiental-e-responsabilidade-social-corporativa-104x150.jpg 104w\" sizes=\"auto, (max-width: 145px) 100vw, 145px\" \/>Takeshy Tachizawa<\/strong><\/span><\/p>\n<p><span style=\"color: #003366;\"><strong>Maison d&#8217;\u00e9dition Atlas<\/strong><\/span><\/p>\n<p><span style=\"color: #003366;\"><strong>R\u00e9sum\u00e9:<\/strong><\/span> Este livro apresenta conceitos e situa\u00e7\u00f5es pr\u00e1ticas inerentes \u00e0 gest\u00e3o ambiental e \u00e0 responsabilidade social no contexto das organiza\u00e7\u00f5es, com uma abordagem focada na realidade brasileira. Tais teorias, na forma como s\u00e3o mostradas nesta obra, ganham import\u00e2ncia em face do r\u00e1pido crescimento do n\u00famero de organiza\u00e7\u00f5es que tratam a gest\u00e3o ambiental e a responsabilidade social corporativa como uma quest\u00e3o econ\u00f4mica, pass\u00edvel de alavancar suas estrat\u00e9gias de neg\u00f3cios. Tecnologias de gest\u00e3o inovadoras aplicadas \u00e0s quest\u00f5es ambientais e de responsabilidade social s\u00e3o abordadas neste texto, com \u00eanfase nos aspectos cr\u00edticos demandados pelos novos paradigmas da produtividade, exigidos pelo novo ambiente empresarial. Os 20 cap\u00edtulos desenvolvidos no livro est\u00e3o divididos em quatro partes: gest\u00e3o ambiental e responsabilidade social nas organiza\u00e7\u00f5es; Modelo de gest\u00e3o ambiental e responsabilidade social; Estrat\u00e9gias de gest\u00e3o ambiental e responsabilidade social; Outros fatores de influ\u00eancia do modelo de gest\u00e3o ambiental e de responsabilidade social. Como forma de ilustra\u00e7\u00e3o, o autor indica com coment\u00e1rios, em ap\u00eandice, alguns filmes que sintetizam a quest\u00e3o da \u00e9tica, da responsabilidade social corporativa e do desenvolvimento sustent\u00e1vel. Trabalhar em equipe tamb\u00e9m \u00e9 destacado, na forma de met\u00e1fora, como uma caracter\u00edstica fundamental para melhoria do clima organizacional nos ambientes empresariais de alto desempenho. As est\u00f3rias e casos dos filmes sugeridos fazem uma analogia com a capacidade das pessoas de se unirem, como uma for\u00e7a de trabalho coesa, para tomar decis\u00f5es e solucionar problemas. Livro-texto para as disciplinas RESPONSABILIDADE SOCIAL EMPRESARIAL, \u00c9TICA EMPRESARIAL, GEST\u00c3O AMBIENTAL, GERENCIAMENTO ECOL\u00d3GICO, TEORIA GERAL DE ADMINISTRA\u00c7\u00c3O, ESTRAT\u00c9GIAS EMPRESARIAIS e AUDITORIA AMBIENTAL dos cursos de Administra\u00e7\u00e3o, Engenharia, Economia, Direito, Ci\u00eancias Cont\u00e1beis e afins. Leitura relevante para empres\u00e1rios, executivos e profissionais nos exerc\u00edcios de fun\u00e7\u00f5es gerenciais.<\/p>\n","protected":false},"excerpt":{"rendered":"<p>Takeshy Tachizawa Maison d&#8217;\u00e9dition Atlas R\u00e9sum\u00e9: Este livro apresenta conceitos e situa\u00e7\u00f5es pr\u00e1ticas inerentes \u00e0 gest\u00e3o ambiental e \u00e0 responsabilidade social no contexto das organiza\u00e7\u00f5es, com uma abordagem focada na realidade brasileira. Tais teorias, na forma como s\u00e3o mostradas nesta obra, ganham import\u00e2ncia em face do r\u00e1pido crescimento do n\u00famero de organiza\u00e7\u00f5es que tratam a gest\u00e3o ambiental e a responsabilidade social corporativa como uma quest\u00e3o econ\u00f4mica, pass\u00edvel de alavancar suas&hellip; <\/p>\n","protected":false},"author":3,"featured_media":16560,"comment_status":"open","ping_status":"closed","sticky":false,"template":"","format":"standard","meta":{"footnotes":""},"categories":[14,6],"tags":[],"class_list":["post-16559","post","type-post","status-publish","format-standard","has-post-thumbnail","hentry","category-administracao-e-estrategia-empresarial","category-livros"],"views":198,"_links":{"self":[{"href":"https:\/\/www.bibliotecadeseguranca.com.br\/fr\/wp-json\/wp\/v2\/posts\/16559","targetHints":{"allow":["GET"]}}],"collection":[{"href":"https:\/\/www.bibliotecadeseguranca.com.br\/fr\/wp-json\/wp\/v2\/posts"}],"about":[{"href":"https:\/\/www.bibliotecadeseguranca.com.br\/fr\/wp-json\/wp\/v2\/types\/post"}],"author":[{"embeddable":true,"href":"https:\/\/www.bibliotecadeseguranca.com.br\/fr\/wp-json\/wp\/v2\/users\/3"}],"replies":[{"embeddable":true,"href":"https:\/\/www.bibliotecadeseguranca.com.br\/fr\/wp-json\/wp\/v2\/comments?post=16559"}],"version-history":[{"count":1,"href":"https:\/\/www.bibliotecadeseguranca.com.br\/fr\/wp-json\/wp\/v2\/posts\/16559\/revisions"}],"predecessor-version":[{"id":16561,"href":"https:\/\/www.bibliotecadeseguranca.com.br\/fr\/wp-json\/wp\/v2\/posts\/16559\/revisions\/16561"}],"wp:featuredmedia":[{"embeddable":true,"href":"https:\/\/www.bibliotecadeseguranca.com.br\/fr\/wp-json\/wp\/v2\/media\/16560"}],"wp:attachment":[{"href":"https:\/\/www.bibliotecadeseguranca.com.br\/fr\/wp-json\/wp\/v2\/media?parent=16559"}],"wp:term":[{"taxonomy":"category","embeddable":true,"href":"https:\/\/www.bibliotecadeseguranca.com.br\/fr\/wp-json\/wp\/v2\/categories?post=16559"},{"taxonomy":"post_tag","embeddable":true,"href":"https:\/\/www.bibliotecadeseguranca.com.br\/fr\/wp-json\/wp\/v2\/tags?post=16559"}],"curies":[{"name":"wp","href":"https:\/\/api.w.org\/{rel}","templated":true}]}}